{"id":17426,"date":"2020-02-05T08:08:34","date_gmt":"2020-02-05T11:08:34","guid":{"rendered":"http:\/\/agendaparaguay.com\/v2\/?p=17426"},"modified":"2020-02-05T08:08:34","modified_gmt":"2020-02-05T11:08:34","slug":"detienen-a-peligroso-lider-de-grupo-criminal-de-brasil-en-capitan-bado","status":"publish","type":"post","link":"https:\/\/agendaparaguay.com\/v2\/2020\/02\/05\/detienen-a-peligroso-lider-de-grupo-criminal-de-brasil-en-capitan-bado\/","title":{"rendered":"Detienen a peligroso l\u00edder de grupo criminal de Brasil en Capit\u00e1n Bado"},"content":{"rendered":"<p style=\"text-align: justify;\"><span style=\"text-align: justify;\">Durante un procedimiento encabezado por el fiscal Marcelo Pecci, y la agente fiscal Denise Duarte, asi como agentes de la policia nacional procedieron est\u00e1 madrugada a realizar un allanamiento a una vivienda ubicada en Capitan Bado, oportunidad en que fue detenido un ciudadano brasile\u00f1o identificado como Guillerme Antonio Vieira, considerado l\u00edder del Primer Comando Catarinense, que opera en la zona del Alto Paran\u00e1.<\/span><br \/>\n<!--more-->El mismo se hab\u00eda fugado de una c\u00e1rcel de Brasil y estaba siendo buscado intensamente por autoridades del vecino pa\u00eds.<\/p>\n<p style=\"text-align: justify;\">Junto al detenido se encontraban otros dos ciudadanos brasile\u00f1os, quienes seg\u00fan informaron desde el Ministerio P\u00fablico, no contaban con documentaciones, por lo que igualmente quedaron detenidos para ser sometidos a la verificaci\u00f3n de identidad.<\/p>\n<p style=\"text-align: justify;\">Vieira est\u00e1 vinculado a tr\u00e1fico de drogas y armas, asociacion criminal. Se anuncia su expulsi\u00f3n del pa\u00eds en las pr\u00f3ximas horas.<\/p>\n","protected":false},"excerpt":{"rendered":"<p>Durante un procedimiento encabezado por el fiscal Marcelo Pecci, y la agente fiscal Denise Duarte, asi como agentes de la policia nacional procedieron est\u00e1 madrugada a realizar un allanamiento a&hellip; <\/p>\n","protected":false},"author":1,"featured_media":17428,"comment_status":"open","ping_status":"open","sticky":false,"template":"","format":"standard","meta":{"sfsi_plus_gutenberg_text_before_share":"","sfsi_plus_gutenberg_show_text_before_share":"","sfsi_plus_gutenberg_icon_type":"","sfsi_plus_gutenberg_icon_alignemt":"","sfsi_plus_gutenburg_max_per_row":"","footnotes":"","_jetpack_memberships_contains_paid_content":false,"jetpack_publicize_message":"","jetpack_publicize_feature_enabled":true,"jetpack_social_post_already_shared":false,"jetpack_social_options":{"image_generator_settings":{"template":"highway","enabled":false},"version":2}},"categories":[5,1],"tags":[],"jetpack_publicize_connections":[],"jetpack_sharing_enabled":true,"jetpack_featured_media_url":"https:\/\/agendaparaguay.com\/v2\/wp-content\/uploads\/2020\/02\/A159A0F2-FEA9-4624-9F70-13C9CBBF4E86.jpeg","_links":{"self":[{"href":"https:\/\/agendaparaguay.com\/v2\/wp-json\/wp\/v2\/posts\/17426"}],"collection":[{"href":"https:\/\/agendaparaguay.com\/v2\/wp-json\/wp\/v2\/posts"}],"about":[{"href":"https:\/\/agendaparaguay.com\/v2\/wp-json\/wp\/v2\/types\/post"}],"author":[{"embeddable":true,"href":"https:\/\/agendaparaguay.com\/v2\/wp-json\/wp\/v2\/users\/1"}],"replies":[{"embeddable":true,"href":"https:\/\/agendaparaguay.com\/v2\/wp-json\/wp\/v2\/comments?post=17426"}],"version-history":[{"count":1,"href":"https:\/\/agendaparaguay.com\/v2\/wp-json\/wp\/v2\/posts\/17426\/revisions"}],"predecessor-version":[{"id":17429,"href":"https:\/\/agendaparaguay.com\/v2\/wp-json\/wp\/v2\/posts\/17426\/revisions\/17429"}],"wp:featuredmedia":[{"embeddable":true,"href":"https:\/\/agendaparaguay.com\/v2\/wp-json\/wp\/v2\/media\/17428"}],"wp:attachment":[{"href":"https:\/\/agendaparaguay.com\/v2\/wp-json\/wp\/v2\/media?parent=17426"}],"wp:term":[{"taxonomy":"category","embeddable":true,"href":"https:\/\/agendaparaguay.com\/v2\/wp-json\/wp\/v2\/categories?post=17426"},{"taxonomy":"post_tag","embeddable":true,"href":"https:\/\/agendaparaguay.com\/v2\/wp-json\/wp\/v2\/tags?post=17426"}],"curies":[{"name":"wp","href":"https:\/\/api.w.org\/{rel}","templated":true}]}}