{"id":17584,"date":"2020-02-10T19:30:30","date_gmt":"2020-02-10T22:30:30","guid":{"rendered":"http:\/\/agendaparaguay.com\/v2\/?p=17584"},"modified":"2020-02-10T16:54:42","modified_gmt":"2020-02-10T19:54:42","slug":"fiscala-confirma-que-menor-de-2-anos-fue-abusada","status":"publish","type":"post","link":"https:\/\/agendaparaguay.com\/v2\/2020\/02\/10\/fiscala-confirma-que-menor-de-2-anos-fue-abusada\/","title":{"rendered":"Fiscala confirma que menor de 2 a\u00f1os fue abusada"},"content":{"rendered":"<p style=\"text-align: justify;\">La agente fiscal F\u00e1tima Britos investiga las circunstancias del fallecimiento de una menor, de 2 a\u00f1os de edad, ocurrido ayer domingo 9. La ni\u00f1a habr\u00eda fallecido por una infecci\u00f3n pulmonar, aunque adem\u00e1s presentaba rastros de haber sido v\u00edctima de Abuso Sexual.<!--more--><\/p>\n<p style=\"text-align: justify;\">Este lunes, fue llevada a cabo la autopsia en car\u00e1cter de anticipo jurisdiccional de prueba, lo cual servir\u00e1 para dilucidar la causa espec\u00edfica del fallecimiento. De acuerdo a lo manifestado por la representante del Ministerio P\u00fablico, el resultado estar\u00e1 en un mes aproximadamente, debido a la complejidad de los estudios a ser realizados.<\/p>\n<p style=\"text-align: justify;\">Seg\u00fan los antecedentes, la menor hab\u00eda sido trasladada el d\u00eda de ayer al sanatorio Santiago Sebasti\u00e1n de Fernando de la Mora, donde lleg\u00f3 acompa\u00f1ada de un supuesto t\u00edo, aproximadamente a las 17:15, y 45 minutos despu\u00e9s se produjo su deceso.<\/p>\n<p style=\"text-align: justify;\">Seg\u00fan el testimonio del sujeto identificado como t\u00edo de la ni\u00f1a, la misma padec\u00eda un cuadro respiratorio infeccioso desde hace aproximadamente 15 d\u00edas, por lo que fue sometida inclusive a tratamientos de un supuesto m\u00e9dico naturalista. El hombre asimismo aludi\u00f3 que \u00e9l acerc\u00f3 a la menor desde Itakyry, Alto Paran\u00e1, hasta el nosocomio debido a que la madre hab\u00eda tenido un hijo hace poco y el padre se encontraba cuidando de los dem\u00e1s hermanos de la ni\u00f1a.<\/p>\n<p style=\"text-align: justify;\">La m\u00e9dica de guardia que estuvo a cargo de la inspecci\u00f3n de la ni\u00f1a, inmediatamente convoc\u00f3 hasta el sanatorio a la Polic\u00eda Nacional y al Ministerio P\u00fablico, atendiendo a que al momento de inspeccionarla hab\u00eda encontrado presuntos rastros de abusos sexuales en la ahora fallecida.<\/p>\n<p style=\"text-align: justify;\">La m\u00e9dico forense del Ministerio P\u00fablico se constituy\u00f3 igualmente en el sanatorio y constat\u00f3 efectivamente las evidencias de abuso, algunas recientes y otras que datar\u00edan de hace tiempo.<\/p>\n<p style=\"text-align: justify;\">La fiscal Britos explic\u00f3 sobre el caso, \u2018\u2018En principio se confirma el abuso sufrido por la menor. A pesar de ello, el abuso no tendr\u00eda vinculaci\u00f3n con la probable causa de muerte, la menor presentaba un cuadro infeccioso, una posible neumon\u00eda de acuerdo a la informaci\u00f3n primaria\u2019\u2019.<\/p>\n<p style=\"text-align: justify;\">Adem\u00e1s a\u00f1adi\u00f3 que fue demorado el t\u00edo que traslado a la menor al sanatorio y declar\u00f3 en la fecha ante la Fiscal\u00eda. \u2018\u2018Asimismo se dispuso la detenci\u00f3n del padre (53) y la madre (21), quienes ya se encuentran detenidos en Hernandarias y en Itakyry. Ambos prestaran declaraci\u00f3n indagatoria ante el fiscal de turno de su zona y luego tomare la decisi\u00f3n que corresponda\u2019\u2019, refiri\u00f3 la representante del Ministerio P\u00fablico.<\/p>\n<p style=\"text-align: justify;\">Igualmente, la fiscal explic\u00f3 que el caso aparentemente implica a una familia de escasos recursos, la madre de la menor fallecida no tiene c\u00e9dula de identidad ni posee certificado de nacimiento de la ni\u00f1a, documentalmente s\u00f3lo se cuenta con una libreta de vacunaci\u00f3n.<\/p>\n<p>Las pesquisas se realizan en conjunto con fiscales coadyuvantes de las zona, a fin de esclarecer lo antes posible el caso.<\/p>\n","protected":false},"excerpt":{"rendered":"<p>La agente fiscal F\u00e1tima Britos investiga las circunstancias del fallecimiento de una menor, de 2 a\u00f1os de edad, ocurrido ayer domingo 9. La ni\u00f1a habr\u00eda fallecido por una infecci\u00f3n pulmonar,&hellip; <\/p>\n","protected":false},"author":1,"featured_media":17585,"comment_status":"open","ping_status":"open","sticky":false,"template":"","format":"standard","meta":{"sfsi_plus_gutenberg_text_before_share":"","sfsi_plus_gutenberg_show_text_before_share":"","sfsi_plus_gutenberg_icon_type":"","sfsi_plus_gutenberg_icon_alignemt":"","sfsi_plus_gutenburg_max_per_row":"","footnotes":"","_jetpack_memberships_contains_paid_content":false,"jetpack_publicize_message":"","jetpack_publicize_feature_enabled":true,"jetpack_social_post_already_shared":false,"jetpack_social_options":{"image_generator_settings":{"template":"highway","enabled":false},"version":2}},"categories":[5],"tags":[],"jetpack_publicize_connections":[],"jetpack_sharing_enabled":true,"jetpack_featured_media_url":"https:\/\/agendaparaguay.com\/v2\/wp-content\/uploads\/2020\/02\/fiscala_fatima_caso_ni\u00f1a.jpg","_links":{"self":[{"href":"https:\/\/agendaparaguay.com\/v2\/wp-json\/wp\/v2\/posts\/17584"}],"collection":[{"href":"https:\/\/agendaparaguay.com\/v2\/wp-json\/wp\/v2\/posts"}],"about":[{"href":"https:\/\/agendaparaguay.com\/v2\/wp-json\/wp\/v2\/types\/post"}],"author":[{"embeddable":true,"href":"https:\/\/agendaparaguay.com\/v2\/wp-json\/wp\/v2\/users\/1"}],"replies":[{"embeddable":true,"href":"https:\/\/agendaparaguay.com\/v2\/wp-json\/wp\/v2\/comments?post=17584"}],"version-history":[{"count":1,"href":"https:\/\/agendaparaguay.com\/v2\/wp-json\/wp\/v2\/posts\/17584\/revisions"}],"predecessor-version":[{"id":17586,"href":"https:\/\/agendaparaguay.com\/v2\/wp-json\/wp\/v2\/posts\/17584\/revisions\/17586"}],"wp:featuredmedia":[{"embeddable":true,"href":"https:\/\/agendaparaguay.com\/v2\/wp-json\/wp\/v2\/media\/17585"}],"wp:attachment":[{"href":"https:\/\/agendaparaguay.com\/v2\/wp-json\/wp\/v2\/media?parent=17584"}],"wp:term":[{"taxonomy":"category","embeddable":true,"href":"https:\/\/agendaparaguay.com\/v2\/wp-json\/wp\/v2\/categories?post=17584"},{"taxonomy":"post_tag","embeddable":true,"href":"https:\/\/agendaparaguay.com\/v2\/wp-json\/wp\/v2\/tags?post=17584"}],"curies":[{"name":"wp","href":"https:\/\/api.w.org\/{rel}","templated":true}]}}