{"id":17747,"date":"2020-02-17T16:00:29","date_gmt":"2020-02-17T19:00:29","guid":{"rendered":"http:\/\/agendaparaguay.com\/v2\/?p=17747"},"modified":"2020-02-17T13:55:00","modified_gmt":"2020-02-17T16:55:00","slug":"desde-abril-estaran-disponibles-las-vacunas-antigripales","status":"publish","type":"post","link":"https:\/\/agendaparaguay.com\/v2\/2020\/02\/17\/desde-abril-estaran-disponibles-las-vacunas-antigripales\/","title":{"rendered":"Desde abril estar\u00e1n disponibles las vacunas antigripales"},"content":{"rendered":"<p style=\"text-align: justify;\">La informaci\u00f3n fue confirmada por la Dra. Soraya Araya, directora del Programa Ampliado de Inmunizaciones (PAI).<!--more--><\/p>\n<p style=\"text-align: justify;\">La alta funcionaria resalt\u00f3 que la cartera sanitaria prev\u00e9 unas 1.200.000 dosis de vacunas antigripales, de las que 600.000 son para adultos e igual cantidad para ni\u00f1os.<\/p>\n<p style=\"text-align: justify;\">Araya, explic\u00f3 que se trata de una vacuna de aplicaci\u00f3n anual y est\u00e1 dirigida a ni\u00f1os de 6 a 35 meses, mayores de 60 a\u00f1os, embarazadas, pu\u00e9rperas hasta los seis meses, como tambi\u00e9n a personas con enfermedades cr\u00f3nicas y las inmunocomprometidas. Igualmente, al personal de servicios b\u00e1sicos esenciales y de blanco.<\/p>\n","protected":false},"excerpt":{"rendered":"<p>La informaci\u00f3n fue confirmada por la Dra. Soraya Araya, directora del Programa Ampliado de Inmunizaciones (PAI).<\/p>\n","protected":false},"author":1,"featured_media":9693,"comment_status":"open","ping_status":"open","sticky":false,"template":"","format":"standard","meta":{"sfsi_plus_gutenberg_text_before_share":"","sfsi_plus_gutenberg_show_text_before_share":"","sfsi_plus_gutenberg_icon_type":"","sfsi_plus_gutenberg_icon_alignemt":"","sfsi_plus_gutenburg_max_per_row":"","footnotes":"","_jetpack_memberships_contains_paid_content":false,"jetpack_publicize_message":"","jetpack_publicize_feature_enabled":true,"jetpack_social_post_already_shared":false,"jetpack_social_options":{"image_generator_settings":{"template":"highway","enabled":false},"version":2}},"categories":[5],"tags":[],"jetpack_publicize_connections":[],"jetpack_sharing_enabled":true,"jetpack_featured_media_url":"https:\/\/agendaparaguay.com\/v2\/wp-content\/uploads\/2019\/06\/vacunas_1.jpg","_links":{"self":[{"href":"https:\/\/agendaparaguay.com\/v2\/wp-json\/wp\/v2\/posts\/17747"}],"collection":[{"href":"https:\/\/agendaparaguay.com\/v2\/wp-json\/wp\/v2\/posts"}],"about":[{"href":"https:\/\/agendaparaguay.com\/v2\/wp-json\/wp\/v2\/types\/post"}],"author":[{"embeddable":true,"href":"https:\/\/agendaparaguay.com\/v2\/wp-json\/wp\/v2\/users\/1"}],"replies":[{"embeddable":true,"href":"https:\/\/agendaparaguay.com\/v2\/wp-json\/wp\/v2\/comments?post=17747"}],"version-history":[{"count":1,"href":"https:\/\/agendaparaguay.com\/v2\/wp-json\/wp\/v2\/posts\/17747\/revisions"}],"predecessor-version":[{"id":17748,"href":"https:\/\/agendaparaguay.com\/v2\/wp-json\/wp\/v2\/posts\/17747\/revisions\/17748"}],"wp:featuredmedia":[{"embeddable":true,"href":"https:\/\/agendaparaguay.com\/v2\/wp-json\/wp\/v2\/media\/9693"}],"wp:attachment":[{"href":"https:\/\/agendaparaguay.com\/v2\/wp-json\/wp\/v2\/media?parent=17747"}],"wp:term":[{"taxonomy":"category","embeddable":true,"href":"https:\/\/agendaparaguay.com\/v2\/wp-json\/wp\/v2\/categories?post=17747"},{"taxonomy":"post_tag","embeddable":true,"href":"https:\/\/agendaparaguay.com\/v2\/wp-json\/wp\/v2\/tags?post=17747"}],"curies":[{"name":"wp","href":"https:\/\/api.w.org\/{rel}","templated":true}]}}