{"id":17760,"date":"2020-02-17T14:10:45","date_gmt":"2020-02-17T17:10:45","guid":{"rendered":"http:\/\/agendaparaguay.com\/v2\/?p=17760"},"modified":"2020-02-17T13:52:39","modified_gmt":"2020-02-17T16:52:39","slug":"diputados-sanciona-declaracion-de-emergencia-sanitaria-por-dengue","status":"publish","type":"post","link":"https:\/\/agendaparaguay.com\/v2\/2020\/02\/17\/diputados-sanciona-declaracion-de-emergencia-sanitaria-por-dengue\/","title":{"rendered":"Diputados sanciona Declaraci\u00f3n de Emergencia Sanitaria por Dengue"},"content":{"rendered":"<p style=\"text-align: justify;\">Luego de un largo debate, el pleno de Diputados dio visto bueno a la media sanci\u00f3n de la c\u00e1mara de Senadores y de esta forma, la ley qued\u00f3 sancionada por el Congreso.<!--more--><\/p>\n<p style=\"text-align: justify;\">el ejecutivo anunci\u00f3 esta ma\u00f1ana que de sancionarse la normativa, el presidente de la rep\u00fablica Mario Abdo Ben\u00edtez promulgar\u00e1 la ley para permitir la entrada en vigencia.<\/p>\n<p style=\"text-align: justify;\">Durante el debate, se escucharon fuertes cr\u00edticas a la pol\u00edtica implementada por el sistema de salud p\u00fablica, ey en particular en los que hace al combate al dengue.<\/p>\n<p style=\"text-align: justify;\">Cab resaltar que hasta el momento se confirm\u00f3 la muerte de 16 personas por esta enfermedad, mientras otros 89 siguen en espera de confirmaci\u00f3n laboratorial. Inicialmente, el ministro de salud Julio Mazzolenni afirm\u00f3 que no era necesaria la aprobaci\u00f3n de lay, aunque en la fecha dio otra posici\u00f3n y afirm\u00f3 que el Ejecutivo se allanar\u00e1 a una eventual sanci\u00f3n de la normativa.<\/p>\n","protected":false},"excerpt":{"rendered":"<p>Luego de un largo debate, el pleno de Diputados dio visto bueno a la media sanci\u00f3n de la c\u00e1mara de Senadores y de esta forma, la ley qued\u00f3 sancionada por&hellip; <\/p>\n","protected":false},"author":1,"featured_media":4841,"comment_status":"open","ping_status":"open","sticky":false,"template":"","format":"standard","meta":{"sfsi_plus_gutenberg_text_before_share":"","sfsi_plus_gutenberg_show_text_before_share":"","sfsi_plus_gutenberg_icon_type":"","sfsi_plus_gutenberg_icon_alignemt":"","sfsi_plus_gutenburg_max_per_row":"","footnotes":"","_jetpack_memberships_contains_paid_content":false,"jetpack_publicize_message":"","jetpack_publicize_feature_enabled":true,"jetpack_social_post_already_shared":false,"jetpack_social_options":{"image_generator_settings":{"template":"highway","enabled":false},"version":2}},"categories":[4],"tags":[],"jetpack_publicize_connections":[],"jetpack_sharing_enabled":true,"jetpack_featured_media_url":"https:\/\/agendaparaguay.com\/v2\/wp-content\/uploads\/2019\/02\/pleno_dipu_diciembre-1.jpg","_links":{"self":[{"href":"https:\/\/agendaparaguay.com\/v2\/wp-json\/wp\/v2\/posts\/17760"}],"collection":[{"href":"https:\/\/agendaparaguay.com\/v2\/wp-json\/wp\/v2\/posts"}],"about":[{"href":"https:\/\/agendaparaguay.com\/v2\/wp-json\/wp\/v2\/types\/post"}],"author":[{"embeddable":true,"href":"https:\/\/agendaparaguay.com\/v2\/wp-json\/wp\/v2\/users\/1"}],"replies":[{"embeddable":true,"href":"https:\/\/agendaparaguay.com\/v2\/wp-json\/wp\/v2\/comments?post=17760"}],"version-history":[{"count":1,"href":"https:\/\/agendaparaguay.com\/v2\/wp-json\/wp\/v2\/posts\/17760\/revisions"}],"predecessor-version":[{"id":17761,"href":"https:\/\/agendaparaguay.com\/v2\/wp-json\/wp\/v2\/posts\/17760\/revisions\/17761"}],"wp:featuredmedia":[{"embeddable":true,"href":"https:\/\/agendaparaguay.com\/v2\/wp-json\/wp\/v2\/media\/4841"}],"wp:attachment":[{"href":"https:\/\/agendaparaguay.com\/v2\/wp-json\/wp\/v2\/media?parent=17760"}],"wp:term":[{"taxonomy":"category","embeddable":true,"href":"https:\/\/agendaparaguay.com\/v2\/wp-json\/wp\/v2\/categories?post=17760"},{"taxonomy":"post_tag","embeddable":true,"href":"https:\/\/agendaparaguay.com\/v2\/wp-json\/wp\/v2\/tags?post=17760"}],"curies":[{"name":"wp","href":"https:\/\/api.w.org\/{rel}","templated":true}]}}