{"id":17824,"date":"2020-02-19T10:10:49","date_gmt":"2020-02-19T13:10:49","guid":{"rendered":"http:\/\/agendaparaguay.com\/v2\/?p=17824"},"modified":"2020-02-19T09:43:45","modified_gmt":"2020-02-19T12:43:45","slug":"senador-afirma-que-caso-plra-seria-primer-efecto-positivo-de-ley-de-financiamiento-politico","status":"publish","type":"post","link":"https:\/\/agendaparaguay.com\/v2\/2020\/02\/19\/senador-afirma-que-caso-plra-seria-primer-efecto-positivo-de-ley-de-financiamiento-politico\/","title":{"rendered":"Senador afirma que caso PLRA ser\u00eda primer efecto positivo de Ley de Financiamiento Pol\u00edtico"},"content":{"rendered":"<p style=\"text-align: justify;\">El senador liberal Fernando Silva Facetti se refiri\u00f3 a la denuncia planteada contra la administraci\u00f3n del Partido Liberal Radical Aut\u00e9ntico, en cuanto a la supuesta falsificaci\u00f3n de facturas para justificar gastos en la rendici\u00f3n de cuentas de la campa\u00f1a electoral.<!--more--><\/p>\n<p style=\"text-align: justify;\">En este sentido, Silva Facetti se\u00f1al\u00f3 que personalmente recibe denuncias de empresarios que dicen haberse dado cuenta que el partido abultaba los montos para la rendici\u00f3n de cuentas. Dio un ejemplo concreto sobre una firma que emiti\u00f3 una factura por G. 100.000 pero que el partido present\u00f3 con el monto modificado en G. 98.000.000.<\/p>\n<p style=\"text-align: justify;\">En este contexto, a\u00f1adi\u00f3 que ser\u00eda este el primer caso de aplicaci\u00f3n de la recientemente promulgada ley de financiamiento pol\u00edtico.<\/p>\n<p style=\"text-align: justify;\">\u201cEl modus operandi, es que entraban en la p\u00e1gina web de Tributaci\u00f3n donde figura el numero de timbrado y numero de factura, pero no figuraba el nombre a quien se le vendi\u00f3, ni el monto. Con esos datos hac\u00edan las facturas falsas y presentaban para justificar el dinero p\u00fablico que reciben. Ampliaron las denuncias, y hallaron G. 1.800 millones m\u00e1s que fueron falsificados\u00bb, explic\u00f3.<\/p>\n<p style=\"text-align: justify;\">A\u00f1adi\u00f3 que no solo compraron naftas en grandes cantidades fuera de \u00e9poca electoral, sino adem\u00e1s fraguaron facturas de supuestas compras para justificar gastos, lo que se constituye en un delito, uno de los tantos cometidos por la administraci\u00f3n de Efra\u00edn Alegre.<\/p>\n<p style=\"text-align: justify;\">\u201cLos administradores del partido manejan dinero p\u00fablico y si existen desprolijidades se tiene que investigar\u201d, acot\u00f3.<\/p>\n<p style=\"text-align: justify;\">El legislador mencion\u00f3 que la fiscal\u00eda ya cuenta con denuncias anteriores planteadas contra la misma administraci\u00f3n del partido, pero por chicanas nunca se pudo avanzar en la investigaci\u00f3n.<\/p>\n<p style=\"text-align: justify;\">\u201cAparte de la investigaci\u00f3n penal, este ser\u00eda el primer curso de aplicaci\u00f3n eficiente del control de ley de financiamiento pol\u00edtico. La gente se entero por las redes que el partido venia falsificando sus facturas para justificar los gastos realizados\u201d, concluy\u00f3 Silva Facettil<\/p>\n","protected":false},"excerpt":{"rendered":"<p>El senador liberal Fernando Silva Facetti se refiri\u00f3 a la denuncia planteada contra la administraci\u00f3n del Partido Liberal Radical Aut\u00e9ntico, en cuanto a la supuesta falsificaci\u00f3n de facturas para justificar&hellip; <\/p>\n","protected":false},"author":1,"featured_media":15679,"comment_status":"open","ping_status":"open","sticky":false,"template":"","format":"standard","meta":{"sfsi_plus_gutenberg_text_before_share":"","sfsi_plus_gutenberg_show_text_before_share":"","sfsi_plus_gutenberg_icon_type":"","sfsi_plus_gutenberg_icon_alignemt":"","sfsi_plus_gutenburg_max_per_row":"","footnotes":"","_jetpack_memberships_contains_paid_content":false,"jetpack_publicize_message":"","jetpack_publicize_feature_enabled":true,"jetpack_social_post_already_shared":false,"jetpack_social_options":{"image_generator_settings":{"template":"highway","enabled":false},"version":2}},"categories":[3],"tags":[],"jetpack_publicize_connections":[],"jetpack_sharing_enabled":true,"jetpack_featured_media_url":"https:\/\/agendaparaguay.com\/v2\/wp-content\/uploads\/2019\/12\/sen_fernando_silva_facetti_987.jpg","_links":{"self":[{"href":"https:\/\/agendaparaguay.com\/v2\/wp-json\/wp\/v2\/posts\/17824"}],"collection":[{"href":"https:\/\/agendaparaguay.com\/v2\/wp-json\/wp\/v2\/posts"}],"about":[{"href":"https:\/\/agendaparaguay.com\/v2\/wp-json\/wp\/v2\/types\/post"}],"author":[{"embeddable":true,"href":"https:\/\/agendaparaguay.com\/v2\/wp-json\/wp\/v2\/users\/1"}],"replies":[{"embeddable":true,"href":"https:\/\/agendaparaguay.com\/v2\/wp-json\/wp\/v2\/comments?post=17824"}],"version-history":[{"count":2,"href":"https:\/\/agendaparaguay.com\/v2\/wp-json\/wp\/v2\/posts\/17824\/revisions"}],"predecessor-version":[{"id":17826,"href":"https:\/\/agendaparaguay.com\/v2\/wp-json\/wp\/v2\/posts\/17824\/revisions\/17826"}],"wp:featuredmedia":[{"embeddable":true,"href":"https:\/\/agendaparaguay.com\/v2\/wp-json\/wp\/v2\/media\/15679"}],"wp:attachment":[{"href":"https:\/\/agendaparaguay.com\/v2\/wp-json\/wp\/v2\/media?parent=17824"}],"wp:term":[{"taxonomy":"category","embeddable":true,"href":"https:\/\/agendaparaguay.com\/v2\/wp-json\/wp\/v2\/categories?post=17824"},{"taxonomy":"post_tag","embeddable":true,"href":"https:\/\/agendaparaguay.com\/v2\/wp-json\/wp\/v2\/tags?post=17824"}],"curies":[{"name":"wp","href":"https:\/\/api.w.org\/{rel}","templated":true}]}}