{"id":17885,"date":"2020-02-20T20:32:53","date_gmt":"2020-02-20T23:32:53","guid":{"rendered":"http:\/\/agendaparaguay.com\/v2\/?p=17885"},"modified":"2020-02-20T20:33:24","modified_gmt":"2020-02-20T23:33:24","slug":"cuevas-pasara-su-primera-noche-en-prision-en-la-agrupacion-especializada","status":"publish","type":"post","link":"https:\/\/agendaparaguay.com\/v2\/2020\/02\/20\/cuevas-pasara-su-primera-noche-en-prision-en-la-agrupacion-especializada\/","title":{"rendered":"Cuevas pasar\u00e1 su primera noche en prisi\u00f3n en la Agrupaci\u00f3n Especializada"},"content":{"rendered":"<p style=\"text-align: justify;\">El diputado y ex presidente de la c\u00e1mara baja Miguel cuevas ya se encuentra recluido en la Agrupaci\u00f3n Especializada. El mismo compartir\u00e1 celda con otro interno, seg\u00fan fuentes policiales.<!--more--><\/p>\n<p style=\"text-align: justify;\">Cuevas Lleg\u00f3 esta tarde a la Agrupaci\u00f3n acompa\u00f1ado de su abogado Carlos Villamayor, quien revel\u00f3 que el parlamentario se encuentra tranquilo.<\/p>\n<p style=\"text-align: justify;\">Villamayor se\u00f1al\u00f3 que adem\u00e1s que su cliente se encuentra tranquilo y confiado en que demostrar\u00e1 su inocencia en la medida que se avanza con el proceso.<\/p>\n<p style=\"text-align: justify;\">Se inform\u00f3 adem\u00e1s que el legislador podr\u00e1 introducir colch\u00f3n y algunos electrodom\u00e9sticos, como ventilador y televisor. Cuevas pasar\u00e1 su primera noche en prisi\u00f3n junto a otros 200 hu\u00e9spedes de la Agrupaci\u00f3n Especializado.<\/p>\n","protected":false},"excerpt":{"rendered":"<p>El diputado y ex presidente de la c\u00e1mara baja Miguel cuevas ya se encuentra recluido en la Agrupaci\u00f3n Especializada. El mismo compartir\u00e1 celda con otro interno, seg\u00fan fuentes policiales.<\/p>\n","protected":false},"author":1,"featured_media":4565,"comment_status":"open","ping_status":"open","sticky":false,"template":"","format":"standard","meta":{"sfsi_plus_gutenberg_text_before_share":"","sfsi_plus_gutenberg_show_text_before_share":"","sfsi_plus_gutenberg_icon_type":"","sfsi_plus_gutenberg_icon_alignemt":"","sfsi_plus_gutenburg_max_per_row":"","footnotes":"","_jetpack_memberships_contains_paid_content":false,"jetpack_publicize_message":"","jetpack_publicize_feature_enabled":true,"jetpack_social_post_already_shared":false,"jetpack_social_options":{"image_generator_settings":{"template":"highway","enabled":false},"version":2}},"categories":[5],"tags":[],"jetpack_publicize_connections":[],"jetpack_sharing_enabled":true,"jetpack_featured_media_url":"https:\/\/agendaparaguay.com\/v2\/wp-content\/uploads\/2019\/02\/agrupacion_especializada_01.jpg","_links":{"self":[{"href":"https:\/\/agendaparaguay.com\/v2\/wp-json\/wp\/v2\/posts\/17885"}],"collection":[{"href":"https:\/\/agendaparaguay.com\/v2\/wp-json\/wp\/v2\/posts"}],"about":[{"href":"https:\/\/agendaparaguay.com\/v2\/wp-json\/wp\/v2\/types\/post"}],"author":[{"embeddable":true,"href":"https:\/\/agendaparaguay.com\/v2\/wp-json\/wp\/v2\/users\/1"}],"replies":[{"embeddable":true,"href":"https:\/\/agendaparaguay.com\/v2\/wp-json\/wp\/v2\/comments?post=17885"}],"version-history":[{"count":1,"href":"https:\/\/agendaparaguay.com\/v2\/wp-json\/wp\/v2\/posts\/17885\/revisions"}],"predecessor-version":[{"id":17886,"href":"https:\/\/agendaparaguay.com\/v2\/wp-json\/wp\/v2\/posts\/17885\/revisions\/17886"}],"wp:featuredmedia":[{"embeddable":true,"href":"https:\/\/agendaparaguay.com\/v2\/wp-json\/wp\/v2\/media\/4565"}],"wp:attachment":[{"href":"https:\/\/agendaparaguay.com\/v2\/wp-json\/wp\/v2\/media?parent=17885"}],"wp:term":[{"taxonomy":"category","embeddable":true,"href":"https:\/\/agendaparaguay.com\/v2\/wp-json\/wp\/v2\/categories?post=17885"},{"taxonomy":"post_tag","embeddable":true,"href":"https:\/\/agendaparaguay.com\/v2\/wp-json\/wp\/v2\/tags?post=17885"}],"curies":[{"name":"wp","href":"https:\/\/api.w.org\/{rel}","templated":true}]}}