{"id":17901,"date":"2020-02-21T12:40:14","date_gmt":"2020-02-21T15:40:14","guid":{"rendered":"http:\/\/agendaparaguay.com\/v2\/?p=17901"},"modified":"2020-02-21T12:35:49","modified_gmt":"2020-02-21T15:35:49","slug":"arranca-expo-terere-2020-en-su-decima-edicion","status":"publish","type":"post","link":"https:\/\/agendaparaguay.com\/v2\/2020\/02\/21\/arranca-expo-terere-2020-en-su-decima-edicion\/","title":{"rendered":"Arranca EXPO TERERE 2020 en su D\u00e9cima Edici\u00f3n"},"content":{"rendered":"<p style=\"text-align: justify;\">En su d\u00e9cima edici\u00f3n y a iniciativa de la Asociaci\u00f3n Paraguaya de Artesanos (APAR), la EXPO TERERE 2020 arrancar\u00e1 el martes 25 de febrero, evento que se extender\u00e1 hasta el domingo 1 de marzo en la Plaza de la Democracia, en el horario de 08:00 a 21:00 horas.<!--more--><\/p>\n<p style=\"text-align: justify;\">Alcides Pereira, titular del gremio de la APAR y organizador del evento confirm\u00f3 la participaci\u00f3n de m\u00e1s de un centenar de artesanos y artistas de diferentes puntos del pa\u00eds quienes expondr\u00e1n los m\u00e1s bellos productos artesanales en variados rubros y en particular los referentes al terer\u00e9, como ser las guampas de diferentes materiales; en maderas, aluminios, alpaca, bronce, cobre y astas entre otros; como as\u00ed tambi\u00e9n bombillas en diferentes materiales y estilos.<\/p>\n<p style=\"text-align: justify;\">Pereira se\u00f1al\u00f3 igualmente que se prev\u00e9n un stand especialmente preparado para la venta del \u201cterere rupa\u201d, que tambi\u00e9n forma parte de la tradici\u00f3n paraguaya.<\/p>\n<p style=\"text-align: justify;\">Cabe destacar que la feria contar\u00e1 adem\u00e1s con la presencia de artesanos de otros rubros como ser de productos textiles, cuero, cester\u00eda tallados en madera y filigrana. Adem\u00e1s habr\u00e1 un stand especial de los pueblos originarios de diferentes parcialidades con sus respectivas artesan\u00edas.<\/p>\n<p style=\"text-align: justify;\">El evento cuenta con el apoyo de la Direcci\u00f3n General de Cultura y Turismo de la Municipalidad de Asunci\u00f3n, la Direcci\u00f3n de Acci\u00f3n Cultural de la Municipalidad de Asunci\u00f3n, la Direcci\u00f3n de Cultura de la Honorable C\u00e1mara de Diputados, la Universidad NIHON GAKKO y Sol Artes Producciones.<\/p>\n<p>&nbsp;<\/p>\n<p>&nbsp;<\/p>\n","protected":false},"excerpt":{"rendered":"<p>En su d\u00e9cima edici\u00f3n y a iniciativa de la Asociaci\u00f3n Paraguaya de Artesanos (APAR), la EXPO TERERE 2020 arrancar\u00e1 el martes 25 de febrero, evento que se extender\u00e1 hasta el&hellip; <\/p>\n","protected":false},"author":1,"featured_media":17902,"comment_status":"open","ping_status":"open","sticky":false,"template":"","format":"standard","meta":{"sfsi_plus_gutenberg_text_before_share":"","sfsi_plus_gutenberg_show_text_before_share":"","sfsi_plus_gutenberg_icon_type":"","sfsi_plus_gutenberg_icon_alignemt":"","sfsi_plus_gutenburg_max_per_row":"","footnotes":"","_jetpack_memberships_contains_paid_content":false,"jetpack_publicize_message":"","jetpack_publicize_feature_enabled":true,"jetpack_social_post_already_shared":false,"jetpack_social_options":{"image_generator_settings":{"template":"highway","enabled":false},"version":2}},"categories":[5],"tags":[],"jetpack_publicize_connections":[],"jetpack_sharing_enabled":true,"jetpack_featured_media_url":"https:\/\/agendaparaguay.com\/v2\/wp-content\/uploads\/2020\/02\/expo_terere_2020.jpg","_links":{"self":[{"href":"https:\/\/agendaparaguay.com\/v2\/wp-json\/wp\/v2\/posts\/17901"}],"collection":[{"href":"https:\/\/agendaparaguay.com\/v2\/wp-json\/wp\/v2\/posts"}],"about":[{"href":"https:\/\/agendaparaguay.com\/v2\/wp-json\/wp\/v2\/types\/post"}],"author":[{"embeddable":true,"href":"https:\/\/agendaparaguay.com\/v2\/wp-json\/wp\/v2\/users\/1"}],"replies":[{"embeddable":true,"href":"https:\/\/agendaparaguay.com\/v2\/wp-json\/wp\/v2\/comments?post=17901"}],"version-history":[{"count":1,"href":"https:\/\/agendaparaguay.com\/v2\/wp-json\/wp\/v2\/posts\/17901\/revisions"}],"predecessor-version":[{"id":17903,"href":"https:\/\/agendaparaguay.com\/v2\/wp-json\/wp\/v2\/posts\/17901\/revisions\/17903"}],"wp:featuredmedia":[{"embeddable":true,"href":"https:\/\/agendaparaguay.com\/v2\/wp-json\/wp\/v2\/media\/17902"}],"wp:attachment":[{"href":"https:\/\/agendaparaguay.com\/v2\/wp-json\/wp\/v2\/media?parent=17901"}],"wp:term":[{"taxonomy":"category","embeddable":true,"href":"https:\/\/agendaparaguay.com\/v2\/wp-json\/wp\/v2\/categories?post=17901"},{"taxonomy":"post_tag","embeddable":true,"href":"https:\/\/agendaparaguay.com\/v2\/wp-json\/wp\/v2\/tags?post=17901"}],"curies":[{"name":"wp","href":"https:\/\/api.w.org\/{rel}","templated":true}]}}