{"id":18012,"date":"2020-02-26T07:00:41","date_gmt":"2020-02-26T10:00:41","guid":{"rendered":"http:\/\/agendaparaguay.com\/v2\/?p=18012"},"modified":"2020-02-26T06:59:43","modified_gmt":"2020-02-26T09:59:43","slug":"presidente-desarrollara-jornada-de-gobierno-en-misiones","status":"publish","type":"post","link":"https:\/\/agendaparaguay.com\/v2\/2020\/02\/26\/presidente-desarrollara-jornada-de-gobierno-en-misiones\/","title":{"rendered":"Presidente desarrollar\u00e1 jornada de gobierno en Misiones"},"content":{"rendered":"<p style=\"text-align: justify;\">De acuerdo a la agenda del presidente Mario Abdo Ben\u00edtez, este mi\u00e9rcoles 26 participar\u00e1 de la inauguraci\u00f3n de conexiones viales, viviendas sociales y otras obras de desarrollo en las ciudades de Santa Mar\u00eda, San Ignacio, San Juan Bautista y Villa Florida del departamento de Misiones.<!--more--><\/p>\n<p style=\"text-align: justify;\">Su actividad arrancar\u00e1 a las 07:30 horas con la inauguraci\u00f3n del Polideportivo Municipal de la ciudad de Santa Mar\u00eda de Fe.<\/p>\n<p style=\"text-align: justify;\">Luego, a las 08:00 horas habilitar\u00e1 el Tramo San Ignacio \u2013 Santa Rita, por parte del Gobierno Nacional a trav\u00e9s del Ministerio de Obras P\u00fablicas y Comunicaciones. Ser\u00e1 en la ciudad de San Ignacio.<\/p>\n<p style=\"text-align: justify;\">Posteriormente, a las 08:50 horas el mandatario inaugurar\u00e1 el Polideportivo del Colegio Nacional Rigoberto Caballero, tambi\u00e9n en la ciudad de San Ignacio Misiones.<\/p>\n<p style=\"text-align: justify;\">Asimismo, a partir de las 09:10 horas el gobernante realizar\u00e1 el recorrido y verificaci\u00f3n de las obras en construcci\u00f3n del Museo Jesu\u00edtico, de la localidad ignaciana.<\/p>\n<p style=\"text-align: justify;\">A las 09:45 horas participar\u00e1 de la inauguraci\u00f3n del Polideportivo de la ciudad de San Juan Bautista.<\/p>\n<p style=\"text-align: justify;\">Igualmente, a las 10:05 horas encabezar\u00e1 el acto de entrega de la Planta de Tratamiento de la ciudad de San Juan Bautista, por parte del Gobierno Nacional a trav\u00e9s del Ministerio de Obras Publicas y Comunicaciones a la Empresa de Servicios Sanitarios del Paraguay (ESSAP).<\/p>\n<p style=\"text-align: justify;\">Adem\u00e1s, a las 11:00 horas, el jefe de Estado presidir\u00e1 el acto de Inauguraci\u00f3n de 50 Viviendas Unifamiliares y Entrega de Aportes al departamento del Misiones, por parte del Gobierno Nacional, a trav\u00e9s de la Entidad Binacional Yacyret\u00e1 y la Secretar\u00eda Nacional de la Juventud. Ser\u00e1 en la ciudad de Villa Florida.<\/p>\n<p style=\"text-align: justify;\">A las 11:50 horas est\u00e1 prevista la Verificaci\u00f3n de 41 viviendas sociales del Programa Vy\u00b4a Renda, construidas por el Gobierno Nacional, a trav\u00e9s del Ministerio de Urbanismo, Vivienda y H\u00e1bitat, en la ciudad de Villa Florida.<\/p>\n","protected":false},"excerpt":{"rendered":"<p>De acuerdo a la agenda del presidente Mario Abdo Ben\u00edtez, este mi\u00e9rcoles 26 participar\u00e1 de la inauguraci\u00f3n de conexiones viales, viviendas sociales y otras obras de desarrollo en las ciudades&hellip; <\/p>\n","protected":false},"author":1,"featured_media":16743,"comment_status":"open","ping_status":"open","sticky":false,"template":"","format":"standard","meta":{"sfsi_plus_gutenberg_text_before_share":"","sfsi_plus_gutenberg_show_text_before_share":"","sfsi_plus_gutenberg_icon_type":"","sfsi_plus_gutenberg_icon_alignemt":"","sfsi_plus_gutenburg_max_per_row":"","footnotes":"","_jetpack_memberships_contains_paid_content":false,"jetpack_publicize_message":"","jetpack_publicize_feature_enabled":true,"jetpack_social_post_already_shared":false,"jetpack_social_options":{"image_generator_settings":{"template":"highway","enabled":false},"version":2}},"categories":[2],"tags":[],"jetpack_publicize_connections":[],"jetpack_sharing_enabled":true,"jetpack_featured_media_url":"https:\/\/agendaparaguay.com\/v2\/wp-content\/uploads\/2020\/01\/marito_nicanor_1.jpeg","_links":{"self":[{"href":"https:\/\/agendaparaguay.com\/v2\/wp-json\/wp\/v2\/posts\/18012"}],"collection":[{"href":"https:\/\/agendaparaguay.com\/v2\/wp-json\/wp\/v2\/posts"}],"about":[{"href":"https:\/\/agendaparaguay.com\/v2\/wp-json\/wp\/v2\/types\/post"}],"author":[{"embeddable":true,"href":"https:\/\/agendaparaguay.com\/v2\/wp-json\/wp\/v2\/users\/1"}],"replies":[{"embeddable":true,"href":"https:\/\/agendaparaguay.com\/v2\/wp-json\/wp\/v2\/comments?post=18012"}],"version-history":[{"count":1,"href":"https:\/\/agendaparaguay.com\/v2\/wp-json\/wp\/v2\/posts\/18012\/revisions"}],"predecessor-version":[{"id":18013,"href":"https:\/\/agendaparaguay.com\/v2\/wp-json\/wp\/v2\/posts\/18012\/revisions\/18013"}],"wp:featuredmedia":[{"embeddable":true,"href":"https:\/\/agendaparaguay.com\/v2\/wp-json\/wp\/v2\/media\/16743"}],"wp:attachment":[{"href":"https:\/\/agendaparaguay.com\/v2\/wp-json\/wp\/v2\/media?parent=18012"}],"wp:term":[{"taxonomy":"category","embeddable":true,"href":"https:\/\/agendaparaguay.com\/v2\/wp-json\/wp\/v2\/categories?post=18012"},{"taxonomy":"post_tag","embeddable":true,"href":"https:\/\/agendaparaguay.com\/v2\/wp-json\/wp\/v2\/tags?post=18012"}],"curies":[{"name":"wp","href":"https:\/\/api.w.org\/{rel}","templated":true}]}}