{"id":18222,"date":"2020-03-04T08:30:43","date_gmt":"2020-03-04T11:30:43","guid":{"rendered":"http:\/\/agendaparaguay.com\/v2\/?p=18222"},"modified":"2020-03-04T08:11:57","modified_gmt":"2020-03-04T11:11:57","slug":"prision-preventiva-de-presunto-autor-de-la-muerte-de-menor","status":"publish","type":"post","link":"https:\/\/agendaparaguay.com\/v2\/2020\/03\/04\/prision-preventiva-de-presunto-autor-de-la-muerte-de-menor\/","title":{"rendered":"Prisi\u00f3n preventiva de presunto autor de la muerte de menor"},"content":{"rendered":"<p style=\"text-align: justify;\">H\u00e9ctor Mart\u00ednez N\u00fa\u00f1ez, considerado principal sospechoso del crimen del rapto y posterior asesinato de la ni\u00f1a Naidelin de 7 a\u00f1os Naidelin, ocurrido el pasado s\u00e1bado en Minga Guaz\u00fa, Departamento de Alto Paran\u00e1 guardar\u00e1 prisi\u00f3n preventiva por disposici\u00f3n de la jueza D\u00f3lica Gim\u00e9nez.<!--more--><\/p>\n<p style=\"text-align: justify;\">El mismo debe ser trasladado trasladado al Penal de San Pedro, ante supuestas amenazas de muerte por parte de los presos de la c\u00e1rcel de Ciudad del Este.<\/p>\n<p style=\"text-align: justify;\">Tras la viralizaci\u00f3n del v\u00eddeo donde se observan im\u00e1genes de presos advirtiendo con armas blancas en mano a Mart\u00ednez para cuando guarde reclusi\u00f3n, la Ministra Cecilia P\u00e9rez de Justicia se\u00f1al\u00f3 que tomar\u00e1n los recaudos necesarios para preservar la vida del imputado.<\/p>\n<p style=\"text-align: justify;\">La informaci\u00f3n inicial de la Polic\u00eda se\u00f1alaba que supuestamente el ahora imputado se atribuy\u00f3 la autor\u00eda del hecho, aunque en la v\u00edspera grab\u00f3 un video negando la responsabilidad del rapto y asesinato de la meno.<\/p>\n","protected":false},"excerpt":{"rendered":"<p>H\u00e9ctor Mart\u00ednez N\u00fa\u00f1ez, considerado principal sospechoso del crimen del rapto y posterior asesinato de la ni\u00f1a Naidelin de 7 a\u00f1os Naidelin, ocurrido el pasado s\u00e1bado en Minga Guaz\u00fa, Departamento de&hellip; <\/p>\n","protected":false},"author":1,"featured_media":18223,"comment_status":"open","ping_status":"open","sticky":false,"template":"","format":"standard","meta":{"sfsi_plus_gutenberg_text_before_share":"","sfsi_plus_gutenberg_show_text_before_share":"","sfsi_plus_gutenberg_icon_type":"","sfsi_plus_gutenberg_icon_alignemt":"","sfsi_plus_gutenburg_max_per_row":"","footnotes":"","_jetpack_memberships_contains_paid_content":false,"jetpack_publicize_message":"","jetpack_publicize_feature_enabled":true,"jetpack_social_post_already_shared":false,"jetpack_social_options":{"image_generator_settings":{"template":"highway","enabled":false},"version":2}},"categories":[5],"tags":[],"jetpack_publicize_connections":[],"jetpack_sharing_enabled":true,"jetpack_featured_media_url":"https:\/\/agendaparaguay.com\/v2\/wp-content\/uploads\/2020\/03\/detenido_caso_ni\u00f1a_2.jpg","_links":{"self":[{"href":"https:\/\/agendaparaguay.com\/v2\/wp-json\/wp\/v2\/posts\/18222"}],"collection":[{"href":"https:\/\/agendaparaguay.com\/v2\/wp-json\/wp\/v2\/posts"}],"about":[{"href":"https:\/\/agendaparaguay.com\/v2\/wp-json\/wp\/v2\/types\/post"}],"author":[{"embeddable":true,"href":"https:\/\/agendaparaguay.com\/v2\/wp-json\/wp\/v2\/users\/1"}],"replies":[{"embeddable":true,"href":"https:\/\/agendaparaguay.com\/v2\/wp-json\/wp\/v2\/comments?post=18222"}],"version-history":[{"count":1,"href":"https:\/\/agendaparaguay.com\/v2\/wp-json\/wp\/v2\/posts\/18222\/revisions"}],"predecessor-version":[{"id":18224,"href":"https:\/\/agendaparaguay.com\/v2\/wp-json\/wp\/v2\/posts\/18222\/revisions\/18224"}],"wp:featuredmedia":[{"embeddable":true,"href":"https:\/\/agendaparaguay.com\/v2\/wp-json\/wp\/v2\/media\/18223"}],"wp:attachment":[{"href":"https:\/\/agendaparaguay.com\/v2\/wp-json\/wp\/v2\/media?parent=18222"}],"wp:term":[{"taxonomy":"category","embeddable":true,"href":"https:\/\/agendaparaguay.com\/v2\/wp-json\/wp\/v2\/categories?post=18222"},{"taxonomy":"post_tag","embeddable":true,"href":"https:\/\/agendaparaguay.com\/v2\/wp-json\/wp\/v2\/tags?post=18222"}],"curies":[{"name":"wp","href":"https:\/\/api.w.org\/{rel}","templated":true}]}}