{"id":18254,"date":"2020-03-04T18:30:15","date_gmt":"2020-03-04T21:30:15","guid":{"rendered":"http:\/\/agendaparaguay.com\/v2\/?p=18254"},"modified":"2020-03-04T16:39:20","modified_gmt":"2020-03-04T19:39:20","slug":"deudores-alimentarios-no-podran-realizar-transacciones-financieras-ni-comerciales","status":"publish","type":"post","link":"https:\/\/agendaparaguay.com\/v2\/2020\/03\/04\/deudores-alimentarios-no-podran-realizar-transacciones-financieras-ni-comerciales\/","title":{"rendered":"Deudores alimentarios no podr\u00e1n realizar transacciones financieras ni comerciales"},"content":{"rendered":"<p style=\"text-align: justify;\">La C\u00e1mara de Diputados aprob\u00f3 las modificaciones de la ley Que crea el Registro de Deudores Alimentarios Morosos (REDAM)\u00bb. el documento fue aprobado con 38 votos a favor.<\/p>\n<p style=\"text-align: justify;\">Con los cambios propuestos, quienes adeuden pensi\u00f3n alimentaria no podr\u00e1n realizar ning\u00fan tipo de transacci\u00f3n comercial, corporativa o burs\u00e1til, hasta ponerse al d\u00eda con sus obligaciones.<\/p>\n<p style=\"text-align: justify;\">Igualmente, quien se encuentre en mora con sus responsabilidades alimentarias, tampoco podr\u00e1 gestionar documentos personales ni candidatarse a cargos electivos o por designaci\u00f3n.<\/p>\n<p style=\"text-align: justify;\">Se prev\u00e9 que la inclusi\u00f3n en el REDAM, se dar\u00e1 tras la mora comunicada por la parte interesada y luego que el juez competente declare al deudor como tal.<\/p>\n<p style=\"text-align: justify;\">Una vez dictada la resoluci\u00f3n judicial que declare al deudor alimentario en estado de mora, el juez ordenar\u00e1, en forma inmediata, al Registro de Deudores Alimentarios Morosos (REDAM) que proceda a la inclusi\u00f3n en un plazo de 48 horas.<\/p>\n<p style=\"text-align: justify;\">Durante la defensa del documento, el diputado N\u00e9stor Ferrer, vocero de la Comisi\u00f3n de Justicia y Trabajo y la diputada Kattya Gonz\u00e1lez, vocera de la Comisi\u00f3n de Legislaci\u00f3n, solicitaron al pleno acompa\u00f1ar la versi\u00f3n del Senado, atendiendo que los art\u00edculos modificados se ajustan a terminolog\u00edas que facilitan la aplicaci\u00f3n del documento.<\/p>\n<p style=\"text-align: justify;\">La diputada Gonz\u00e1lez, record\u00f3 que la violencia econ\u00f3mica es una de las m\u00e1s graves ya que la deuda alimentaria tiene incidencia directa en la vida de los menores.<\/p>\n<p style=\"text-align: justify;\">Finalmente, el texto fue sancionado y remitido al Ejecutivo para su promulgaci\u00f3n.<\/p>\n","protected":false},"excerpt":{"rendered":"<p>La C\u00e1mara de Diputados aprob\u00f3 las modificaciones de la ley Que crea el Registro de Deudores Alimentarios Morosos (REDAM)\u00bb. el documento fue aprobado con 38 votos a favor. Con los&hellip; <\/p>\n","protected":false},"author":1,"featured_media":9622,"comment_status":"open","ping_status":"open","sticky":false,"template":"","format":"standard","meta":{"sfsi_plus_gutenberg_text_before_share":"","sfsi_plus_gutenberg_show_text_before_share":"","sfsi_plus_gutenberg_icon_type":"","sfsi_plus_gutenberg_icon_alignemt":"","sfsi_plus_gutenburg_max_per_row":"","footnotes":"","_jetpack_memberships_contains_paid_content":false,"jetpack_publicize_message":"","jetpack_publicize_feature_enabled":true,"jetpack_social_post_already_shared":false,"jetpack_social_options":{"image_generator_settings":{"template":"highway","enabled":false},"version":2}},"categories":[4],"tags":[],"jetpack_publicize_connections":[],"jetpack_sharing_enabled":true,"jetpack_featured_media_url":"https:\/\/agendaparaguay.com\/v2\/wp-content\/uploads\/2019\/06\/pleno_diputados_19062019_1.jpg","_links":{"self":[{"href":"https:\/\/agendaparaguay.com\/v2\/wp-json\/wp\/v2\/posts\/18254"}],"collection":[{"href":"https:\/\/agendaparaguay.com\/v2\/wp-json\/wp\/v2\/posts"}],"about":[{"href":"https:\/\/agendaparaguay.com\/v2\/wp-json\/wp\/v2\/types\/post"}],"author":[{"embeddable":true,"href":"https:\/\/agendaparaguay.com\/v2\/wp-json\/wp\/v2\/users\/1"}],"replies":[{"embeddable":true,"href":"https:\/\/agendaparaguay.com\/v2\/wp-json\/wp\/v2\/comments?post=18254"}],"version-history":[{"count":1,"href":"https:\/\/agendaparaguay.com\/v2\/wp-json\/wp\/v2\/posts\/18254\/revisions"}],"predecessor-version":[{"id":18255,"href":"https:\/\/agendaparaguay.com\/v2\/wp-json\/wp\/v2\/posts\/18254\/revisions\/18255"}],"wp:featuredmedia":[{"embeddable":true,"href":"https:\/\/agendaparaguay.com\/v2\/wp-json\/wp\/v2\/media\/9622"}],"wp:attachment":[{"href":"https:\/\/agendaparaguay.com\/v2\/wp-json\/wp\/v2\/media?parent=18254"}],"wp:term":[{"taxonomy":"category","embeddable":true,"href":"https:\/\/agendaparaguay.com\/v2\/wp-json\/wp\/v2\/categories?post=18254"},{"taxonomy":"post_tag","embeddable":true,"href":"https:\/\/agendaparaguay.com\/v2\/wp-json\/wp\/v2\/tags?post=18254"}],"curies":[{"name":"wp","href":"https:\/\/api.w.org\/{rel}","templated":true}]}}