{"id":18258,"date":"2020-03-04T22:36:06","date_gmt":"2020-03-05T01:36:06","guid":{"rendered":"http:\/\/agendaparaguay.com\/v2\/?p=18258"},"modified":"2020-03-04T22:36:06","modified_gmt":"2020-03-05T01:36:06","slug":"incendio-presuntamente-provocado-seria-para-amedrentar-a-empresa","status":"publish","type":"post","link":"https:\/\/agendaparaguay.com\/v2\/2020\/03\/04\/incendio-presuntamente-provocado-seria-para-amedrentar-a-empresa\/","title":{"rendered":"Incendio presuntamente provocado ser\u00eda para amedrentar a empresa"},"content":{"rendered":"<p style=\"text-align: justify;\">Un incendio de proporci\u00f3n considerable se produjo en la tarde de \u00e9ste mi\u00e9rcoles, aproximadamente a las 17:30 horas, en el predio de la firma Durli Leathers, asentada en Paraguar\u00ed. El fuego afect\u00f3 el \u00e1rea reforestada que cubre un \u00e1rea de 41 hect\u00e1reas aproximadamente y se presume que pudo haber sido provocado.<!--more--><\/p>\n<p style=\"text-align: justify;\">Ante la posibilidad que el siniestro aumente en proporciones, los responsables de la empresa pidieron ayuda a la comisar\u00eda de la zona, que ya corresponde a Carapegua, recibiendo como respuesta que deben recurrir a la comisar\u00eda de Paraguar\u00ed, seg\u00fan el relato de Lenisse Fell , Gerente General de la firma.<\/p>\n<p style=\"text-align: justify;\">Luego pudieron contactar con inspectores del MADES que se encontraban por la zona, fiscalizando hallazgo de peces muertos en el arroyo Capilla, estos pidieron ayuda a la misma comisar\u00eda.<\/p>\n<p style=\"text-align: justify;\">Tras gestiones telef\u00f3nicas realizadas por un directivo de la f\u00e1brica se consigui\u00f3 que el comandante del CBV de Paraguar\u00ed contacte con su colega de Carapegua y estos acudieron al lugar, 45 minutos despu\u00e9s. A estas horas el fuego est\u00e1 controlado, todo indica que pudo haber sido provocado.<\/p>\n","protected":false},"excerpt":{"rendered":"<p>Un incendio de proporci\u00f3n considerable se produjo en la tarde de \u00e9ste mi\u00e9rcoles, aproximadamente a las 17:30 horas, en el predio de la firma Durli Leathers, asentada en Paraguar\u00ed. El&hellip; <\/p>\n","protected":false},"author":1,"featured_media":18259,"comment_status":"open","ping_status":"open","sticky":false,"template":"","format":"standard","meta":{"sfsi_plus_gutenberg_text_before_share":"","sfsi_plus_gutenberg_show_text_before_share":"","sfsi_plus_gutenberg_icon_type":"","sfsi_plus_gutenberg_icon_alignemt":"","sfsi_plus_gutenburg_max_per_row":"","footnotes":"","_jetpack_memberships_contains_paid_content":false,"jetpack_publicize_message":"","jetpack_publicize_feature_enabled":true,"jetpack_social_post_already_shared":false,"jetpack_social_options":{"image_generator_settings":{"template":"highway","enabled":false},"version":2}},"categories":[5],"tags":[],"jetpack_publicize_connections":[],"jetpack_sharing_enabled":true,"jetpack_featured_media_url":"https:\/\/agendaparaguay.com\/v2\/wp-content\/uploads\/2020\/03\/incendio_1.jpg","_links":{"self":[{"href":"https:\/\/agendaparaguay.com\/v2\/wp-json\/wp\/v2\/posts\/18258"}],"collection":[{"href":"https:\/\/agendaparaguay.com\/v2\/wp-json\/wp\/v2\/posts"}],"about":[{"href":"https:\/\/agendaparaguay.com\/v2\/wp-json\/wp\/v2\/types\/post"}],"author":[{"embeddable":true,"href":"https:\/\/agendaparaguay.com\/v2\/wp-json\/wp\/v2\/users\/1"}],"replies":[{"embeddable":true,"href":"https:\/\/agendaparaguay.com\/v2\/wp-json\/wp\/v2\/comments?post=18258"}],"version-history":[{"count":1,"href":"https:\/\/agendaparaguay.com\/v2\/wp-json\/wp\/v2\/posts\/18258\/revisions"}],"predecessor-version":[{"id":18260,"href":"https:\/\/agendaparaguay.com\/v2\/wp-json\/wp\/v2\/posts\/18258\/revisions\/18260"}],"wp:featuredmedia":[{"embeddable":true,"href":"https:\/\/agendaparaguay.com\/v2\/wp-json\/wp\/v2\/media\/18259"}],"wp:attachment":[{"href":"https:\/\/agendaparaguay.com\/v2\/wp-json\/wp\/v2\/media?parent=18258"}],"wp:term":[{"taxonomy":"category","embeddable":true,"href":"https:\/\/agendaparaguay.com\/v2\/wp-json\/wp\/v2\/categories?post=18258"},{"taxonomy":"post_tag","embeddable":true,"href":"https:\/\/agendaparaguay.com\/v2\/wp-json\/wp\/v2\/tags?post=18258"}],"curies":[{"name":"wp","href":"https:\/\/api.w.org\/{rel}","templated":true}]}}