{"id":18354,"date":"2020-03-07T16:29:04","date_gmt":"2020-03-07T19:29:04","guid":{"rendered":"http:\/\/agendaparaguay.com\/v2\/?p=18354"},"modified":"2020-03-07T16:29:04","modified_gmt":"2020-03-07T19:29:04","slug":"confirman-primer-caso-de-coronavirus-en-paraguay","status":"publish","type":"post","link":"https:\/\/agendaparaguay.com\/v2\/2020\/03\/07\/confirman-primer-caso-de-coronavirus-en-paraguay\/","title":{"rendered":"Confirman primer caso de Coronavirus en Paraguay"},"content":{"rendered":"<p style=\"text-align: justify;\">La informaci\u00f3n fue confirmada por el Ministro de Salud, Julio Mazzoleni quien pidi\u00f3 a la poblaci\u00f3n mantener la la calma.<!--more--><\/p>\n<p style=\"text-align: justify;\">Los datos fueron confirmados desde el Laboratorio Central.<\/p>\n<p style=\"text-align: justify;\">\u00abInformo que hoy, pasado el mediod\u00eda, el Laboratorio Central confirm\u00f3 primer caso de #COVID19 en Paraguay. M\u00e1s informaci\u00f3n se dar\u00e1 en breve en rueda de prensa. Insto a la ciudadan\u00eda a mantener la calma, los protocolos ya ensayados y aprobados por la @opsoms<br \/>\nest\u00e1n siendo aplicados\u00bb, escribi\u00f3 Mazzoleni en s cuenta oficial en la red social.<\/p>\n<blockquote class=\"twitter-tweet\" data-width=\"550\" data-dnt=\"true\">\n<p lang=\"es\" dir=\"ltr\">Informo que hoy, pasado el mediod\u00eda, el Laboratorio Central confirm\u00f3 primer caso de <a href=\"https:\/\/twitter.com\/hashtag\/COVID19?src=hash&amp;ref_src=twsrc%5Etfw\">#COVID19<\/a> en Paraguay. M\u00e1s informaci\u00f3n se dar\u00e1 en breve en rueda de prensa. Insto a la ciudadan\u00eda a mantener la calma, los protocolos ya ensayados y aprobados por la <a href=\"https:\/\/twitter.com\/opsoms?ref_src=twsrc%5Etfw\">@opsoms<\/a> est\u00e1n siendo aplicados. <a href=\"https:\/\/t.co\/efoeP2LTFj\">pic.twitter.com\/efoeP2LTFj<\/a><\/p>\n<p>&mdash; Julio Mazzoleni (@MazzoleniJulio) <a href=\"https:\/\/twitter.com\/MazzoleniJulio\/status\/1236343144020619265?ref_src=twsrc%5Etfw\">March 7, 2020<\/a><\/p><\/blockquote>\n<p><script async src=\"https:\/\/platform.twitter.com\/widgets.js\" charset=\"utf-8\"><\/script><\/p>\n<p style=\"text-align: justify;\">EL ministerio de Salud, en este contexto recomend\u00f3 una serie de medidas a tener en cuenta, como la necesidad de practicar el lavado de manos de manera frecuente y el uso de tapabocas en caso de presentar algunos s\u00edntomas.<\/p>\n<blockquote class=\"twitter-tweet\" data-width=\"550\" data-dnt=\"true\">\n<p lang=\"es\" dir=\"ltr\">\ud83d\udca6\ud83d\udc4f\ud83c\udffd | Lavado de manos como principal medida de protecci\u00f3n<\/p>\n<p>\ud83d\udccdEl uso de agua y jab\u00f3n es la pr\u00e1ctica m\u00e1s eficaz para eliminar los microbios de las manos. <\/p>\n<p>\u2795INFO <a href=\"https:\/\/t.co\/jaQyvQ1Hnk\">https:\/\/t.co\/jaQyvQ1Hnk<\/a><a href=\"https:\/\/twitter.com\/hashtag\/COVID19?src=hash&amp;ref_src=twsrc%5Etfw\">#COVID19<\/a> <a href=\"https:\/\/t.co\/crNjeke2Yc\">pic.twitter.com\/crNjeke2Yc<\/a><\/p>\n<p>&mdash; Ministerio de Salud (@msaludpy) <a href=\"https:\/\/twitter.com\/msaludpy\/status\/1236365710680621056?ref_src=twsrc%5Etfw\">March 7, 2020<\/a><\/p><\/blockquote>\n<p><script async src=\"https:\/\/platform.twitter.com\/widgets.js\" charset=\"utf-8\"><\/script><\/p>\n<blockquote class=\"twitter-tweet\" data-width=\"550\" data-dnt=\"true\">\n<p lang=\"es\" dir=\"ltr\">\ud83d\ude37| \u00bfCu\u00e1ndo usar tapabocas\u2753<\/p>\n<p>\u2705Si presenta s\u00edntomas respiratorios, como tos o dificultad para respirar<\/p>\n<p>\u2705Si es personal de salud y atiende a pacientes con s\u00edntomas respiratorios<\/p>\n<p>\ud83d\udc40No es necesario para el p\u00fablico en genera que no presenta afecciones respiratorias<a href=\"https:\/\/twitter.com\/hashtag\/COVID19?src=hash&amp;ref_src=twsrc%5Etfw\">#COVID19<\/a> <a href=\"https:\/\/t.co\/52a5vfhkee\">pic.twitter.com\/52a5vfhkee<\/a><\/p>\n<p>&mdash; Ministerio de Salud (@msaludpy) <a href=\"https:\/\/twitter.com\/msaludpy\/status\/1236363069074345985?ref_src=twsrc%5Etfw\">March 7, 2020<\/a><\/p><\/blockquote>\n<p><script async src=\"https:\/\/platform.twitter.com\/widgets.js\" charset=\"utf-8\"><\/script><\/p>\n<p style=\"text-align: justify;\">El Ministerio de Salud convoca a una conferencia de prensa para las 17:00 horas de este s\u00e1bado, a fin de brindar m\u00e1s informaciones al respecto.<\/p>\n","protected":false},"excerpt":{"rendered":"<p>La informaci\u00f3n fue confirmada por el Ministro de Salud, Julio Mazzoleni quien pidi\u00f3 a la poblaci\u00f3n mantener la la calma.<\/p>\n","protected":false},"author":1,"featured_media":18054,"comment_status":"open","ping_status":"open","sticky":false,"template":"","format":"standard","meta":{"sfsi_plus_gutenberg_text_before_share":"","sfsi_plus_gutenberg_show_text_before_share":"","sfsi_plus_gutenberg_icon_type":"","sfsi_plus_gutenberg_icon_alignemt":"","sfsi_plus_gutenburg_max_per_row":"","footnotes":"","_jetpack_memberships_contains_paid_content":false,"jetpack_publicize_message":"","jetpack_publicize_feature_enabled":true,"jetpack_social_post_already_shared":false,"jetpack_social_options":{"image_generator_settings":{"template":"highway","enabled":false},"version":2}},"categories":[5],"tags":[],"jetpack_publicize_connections":[],"jetpack_sharing_enabled":true,"jetpack_featured_media_url":"https:\/\/agendaparaguay.com\/v2\/wp-content\/uploads\/2020\/02\/msp_julio_mazzoleni_1.jpeg","_links":{"self":[{"href":"https:\/\/agendaparaguay.com\/v2\/wp-json\/wp\/v2\/posts\/18354"}],"collection":[{"href":"https:\/\/agendaparaguay.com\/v2\/wp-json\/wp\/v2\/posts"}],"about":[{"href":"https:\/\/agendaparaguay.com\/v2\/wp-json\/wp\/v2\/types\/post"}],"author":[{"embeddable":true,"href":"https:\/\/agendaparaguay.com\/v2\/wp-json\/wp\/v2\/users\/1"}],"replies":[{"embeddable":true,"href":"https:\/\/agendaparaguay.com\/v2\/wp-json\/wp\/v2\/comments?post=18354"}],"version-history":[{"count":1,"href":"https:\/\/agendaparaguay.com\/v2\/wp-json\/wp\/v2\/posts\/18354\/revisions"}],"predecessor-version":[{"id":18355,"href":"https:\/\/agendaparaguay.com\/v2\/wp-json\/wp\/v2\/posts\/18354\/revisions\/18355"}],"wp:featuredmedia":[{"embeddable":true,"href":"https:\/\/agendaparaguay.com\/v2\/wp-json\/wp\/v2\/media\/18054"}],"wp:attachment":[{"href":"https:\/\/agendaparaguay.com\/v2\/wp-json\/wp\/v2\/media?parent=18354"}],"wp:term":[{"taxonomy":"category","embeddable":true,"href":"https:\/\/agendaparaguay.com\/v2\/wp-json\/wp\/v2\/categories?post=18354"},{"taxonomy":"post_tag","embeddable":true,"href":"https:\/\/agendaparaguay.com\/v2\/wp-json\/wp\/v2\/tags?post=18354"}],"curies":[{"name":"wp","href":"https:\/\/api.w.org\/{rel}","templated":true}]}}