{"id":18403,"date":"2020-03-09T21:14:40","date_gmt":"2020-03-10T00:14:40","guid":{"rendered":"http:\/\/agendaparaguay.com\/v2\/?p=18403"},"modified":"2020-03-09T21:14:40","modified_gmt":"2020-03-10T00:14:40","slug":"operacion-cicatriz-no-es-un-pacto-de-impunidad-afirma-senador","status":"publish","type":"post","link":"https:\/\/agendaparaguay.com\/v2\/2020\/03\/09\/operacion-cicatriz-no-es-un-pacto-de-impunidad-afirma-senador\/","title":{"rendered":"Operaci\u00f3n Cicatriz: \u201cNo es un pacto de impunidad\u201d, afirma senador"},"content":{"rendered":"<p style=\"text-align: justify;\">Tras las declaraciones vertidas por el senador colorado y precandidato a la presidencia de la Junta de Gobierno, Enrique Riera quien dijo que la operaci\u00f3n Cicatriz no es m\u00e1s que \u201cun gran pacto de impunidad\u201d, el senador colorado (cartista) Antonio Barrios asegur\u00f3 que la b\u00fasqueda de la unidad jam\u00e1s puede constituirse en un intento de blanqueo para nadie.<!--more--><\/p>\n<p style=\"text-align: justify;\">En declaraciones a Radio Chaco Boreal, el legislador asegur\u00f3 que su colega \u201cest\u00e1 en campa\u00f1a\u201d por lo que hace ese tipo de afirmaciones.<br \/>\n\u201cEsto no es ning\u00fan pacto de impunidad, aqu\u00ed se est\u00e1 hablando de utilizar recursos hacer que de vuelta un porcentaje enorme del Partido Colorado que representa a Honor Colorado y Colorado A\u00f1etete vuelvan a trabajar juntos y sanar las heridas que todav\u00eda persiste entre la dirigencia\u201d, explic\u00f3 Barrios.<\/p>\n<p style=\"text-align: justify;\">Dijo que la intenci\u00f3n, adem\u00e1s es tratar de llegar m\u00e1s cohesionados y m\u00e1s unidos a las pr\u00f3ximas elecciones del 2023. \u201cAs\u00ed que Riera est\u00e1 en campa\u00f1a pol\u00edtica y por eso tiene este tipo de discursos, pero est\u00e1 bien, que participe si existen elecciones contra el candidato que se presente, tiene todo el derecho. Y lo que dijo es un discurso pol\u00edtico, nada m\u00e1s\u00bb, resalt\u00f3.<\/p>\n<p style=\"text-align: justify;\">En cuanto a las declaraciones del presidente Mario Abdo Ben\u00edtez quien dijo que primero est\u00e1 Paraguay y despu\u00e9s el Partido Colorado, el legislador cartista a\u00f1adi\u00f3 que \u201cel Partido Colorado est\u00e1 en funci\u00f3n de gobierno y como tal, el mandatario debe anteponer los intereses de todos los paraguayos a los de los colorados\u201d.<\/p>\n<p style=\"text-align: justify;\">\u201cCuanto antes empiece el di\u00e1logo vamos a tener m\u00e1s tiempo a sanar las heridas. Pero si esperamos se va ir complicando. Vamos a pacificar los movimientos para ganar la mayor cantidad de municipios y luego en el 2023 las elecciones generales\u201d, refiri\u00f3.<\/p>\n<p style=\"text-align: justify;\">Finalmente, respondi\u00f3 a Enrique riera y advirti\u00f3 \u201cyo tengo entendido que nadie luego quiere dialogar con \u00e9l, ya sabemos que quiere participar y tiene la oportunidad que participe y demuestre su liderazgo\u201d, concluy\u00f3.<\/p>\n","protected":false},"excerpt":{"rendered":"<p>Tras las declaraciones vertidas por el senador colorado y precandidato a la presidencia de la Junta de Gobierno, Enrique Riera quien dijo que la operaci\u00f3n Cicatriz no es m\u00e1s que&hellip; <\/p>\n","protected":false},"author":1,"featured_media":11970,"comment_status":"open","ping_status":"open","sticky":false,"template":"","format":"standard","meta":{"sfsi_plus_gutenberg_text_before_share":"","sfsi_plus_gutenberg_show_text_before_share":"","sfsi_plus_gutenberg_icon_type":"","sfsi_plus_gutenberg_icon_alignemt":"","sfsi_plus_gutenburg_max_per_row":"","footnotes":"","_jetpack_memberships_contains_paid_content":false,"jetpack_publicize_message":"","jetpack_publicize_feature_enabled":true,"jetpack_social_post_already_shared":false,"jetpack_social_options":{"image_generator_settings":{"template":"highway","enabled":false},"version":2}},"categories":[3],"tags":[],"jetpack_publicize_connections":[],"jetpack_sharing_enabled":true,"jetpack_featured_media_url":"https:\/\/agendaparaguay.com\/v2\/wp-content\/uploads\/2019\/08\/ministro_antonio_barrios_01.jpg","_links":{"self":[{"href":"https:\/\/agendaparaguay.com\/v2\/wp-json\/wp\/v2\/posts\/18403"}],"collection":[{"href":"https:\/\/agendaparaguay.com\/v2\/wp-json\/wp\/v2\/posts"}],"about":[{"href":"https:\/\/agendaparaguay.com\/v2\/wp-json\/wp\/v2\/types\/post"}],"author":[{"embeddable":true,"href":"https:\/\/agendaparaguay.com\/v2\/wp-json\/wp\/v2\/users\/1"}],"replies":[{"embeddable":true,"href":"https:\/\/agendaparaguay.com\/v2\/wp-json\/wp\/v2\/comments?post=18403"}],"version-history":[{"count":1,"href":"https:\/\/agendaparaguay.com\/v2\/wp-json\/wp\/v2\/posts\/18403\/revisions"}],"predecessor-version":[{"id":18404,"href":"https:\/\/agendaparaguay.com\/v2\/wp-json\/wp\/v2\/posts\/18403\/revisions\/18404"}],"wp:featuredmedia":[{"embeddable":true,"href":"https:\/\/agendaparaguay.com\/v2\/wp-json\/wp\/v2\/media\/11970"}],"wp:attachment":[{"href":"https:\/\/agendaparaguay.com\/v2\/wp-json\/wp\/v2\/media?parent=18403"}],"wp:term":[{"taxonomy":"category","embeddable":true,"href":"https:\/\/agendaparaguay.com\/v2\/wp-json\/wp\/v2\/categories?post=18403"},{"taxonomy":"post_tag","embeddable":true,"href":"https:\/\/agendaparaguay.com\/v2\/wp-json\/wp\/v2\/tags?post=18403"}],"curies":[{"name":"wp","href":"https:\/\/api.w.org\/{rel}","templated":true}]}}