{"id":18441,"date":"2020-03-10T17:30:05","date_gmt":"2020-03-10T20:30:05","guid":{"rendered":"http:\/\/agendaparaguay.com\/v2\/?p=18441"},"modified":"2020-03-10T13:32:05","modified_gmt":"2020-03-10T16:32:05","slug":"coronavirus-aplicaran-medidas-preventivas-en-las-carceles","status":"publish","type":"post","link":"https:\/\/agendaparaguay.com\/v2\/2020\/03\/10\/coronavirus-aplicaran-medidas-preventivas-en-las-carceles\/","title":{"rendered":"Coronavirus: aplicar\u00e1n medidas preventivas en las c\u00e1rceles"},"content":{"rendered":"<p style=\"text-align: justify;\">Fue lo manifestado por la ministra de Justicia, Cecilia P\u00e9rez. la secretaria de estado refiri\u00f3 sobre las medidas que ser\u00edan aplicadas en las c\u00e1rceles de darse alg\u00fan caso de coronavirus, asegur\u00f3 que est\u00e1n abocados en los esquemas de prevenci\u00f3n conjuntamente con el Ministerio de Salud.<!--more--><\/p>\n<p style=\"text-align: justify;\">\u201cDebemos trabajar puntualmente en los grupos de riesgo que son las personas de tercera edad y las personas con comorbilidades. Los principales grupos son los afectados por tuberculosis y por el VIH\u201d, explic\u00f3 la ministra.<\/p>\n<p style=\"text-align: justify;\">En relaci\u00f3n a las visitas, que podr\u00edan constituir en focos de propagaci\u00f3n, adelant\u00f3 que fortalecer\u00e1n los controles durante estos d\u00edas.<\/p>\n<p style=\"text-align: justify;\">\u00abVamos a interrogarlos para saber de d\u00f3nde vienen y en caso de haber estado en zonas de riesgo hace poco no podr\u00e1n ingresar al centro penitenciario\u201d, destac\u00f3.<\/p>\n","protected":false},"excerpt":{"rendered":"<p>Fue lo manifestado por la ministra de Justicia, Cecilia P\u00e9rez. la secretaria de estado refiri\u00f3 sobre las medidas que ser\u00edan aplicadas en las c\u00e1rceles de darse alg\u00fan caso de coronavirus,&hellip; <\/p>\n","protected":false},"author":1,"featured_media":18442,"comment_status":"open","ping_status":"open","sticky":false,"template":"","format":"standard","meta":{"sfsi_plus_gutenberg_text_before_share":"","sfsi_plus_gutenberg_show_text_before_share":"","sfsi_plus_gutenberg_icon_type":"","sfsi_plus_gutenberg_icon_alignemt":"","sfsi_plus_gutenburg_max_per_row":"","footnotes":"","_jetpack_memberships_contains_paid_content":false,"jetpack_publicize_message":"","jetpack_publicize_feature_enabled":true,"jetpack_social_post_already_shared":false,"jetpack_social_options":{"image_generator_settings":{"template":"highway","enabled":false},"version":2}},"categories":[5],"tags":[],"jetpack_publicize_connections":[],"jetpack_sharing_enabled":true,"jetpack_featured_media_url":"https:\/\/agendaparaguay.com\/v2\/wp-content\/uploads\/2020\/03\/ministra_justicia_cecilia_perez.jpeg","_links":{"self":[{"href":"https:\/\/agendaparaguay.com\/v2\/wp-json\/wp\/v2\/posts\/18441"}],"collection":[{"href":"https:\/\/agendaparaguay.com\/v2\/wp-json\/wp\/v2\/posts"}],"about":[{"href":"https:\/\/agendaparaguay.com\/v2\/wp-json\/wp\/v2\/types\/post"}],"author":[{"embeddable":true,"href":"https:\/\/agendaparaguay.com\/v2\/wp-json\/wp\/v2\/users\/1"}],"replies":[{"embeddable":true,"href":"https:\/\/agendaparaguay.com\/v2\/wp-json\/wp\/v2\/comments?post=18441"}],"version-history":[{"count":1,"href":"https:\/\/agendaparaguay.com\/v2\/wp-json\/wp\/v2\/posts\/18441\/revisions"}],"predecessor-version":[{"id":18443,"href":"https:\/\/agendaparaguay.com\/v2\/wp-json\/wp\/v2\/posts\/18441\/revisions\/18443"}],"wp:featuredmedia":[{"embeddable":true,"href":"https:\/\/agendaparaguay.com\/v2\/wp-json\/wp\/v2\/media\/18442"}],"wp:attachment":[{"href":"https:\/\/agendaparaguay.com\/v2\/wp-json\/wp\/v2\/media?parent=18441"}],"wp:term":[{"taxonomy":"category","embeddable":true,"href":"https:\/\/agendaparaguay.com\/v2\/wp-json\/wp\/v2\/categories?post=18441"},{"taxonomy":"post_tag","embeddable":true,"href":"https:\/\/agendaparaguay.com\/v2\/wp-json\/wp\/v2\/tags?post=18441"}],"curies":[{"name":"wp","href":"https:\/\/api.w.org\/{rel}","templated":true}]}}