{"id":18633,"date":"2020-03-13T16:09:25","date_gmt":"2020-03-13T19:09:25","guid":{"rendered":"http:\/\/agendaparaguay.com\/v2\/?p=18633"},"modified":"2020-03-13T16:09:25","modified_gmt":"2020-03-13T19:09:25","slug":"ejecutivo-anuncia-medidas-economicas-para-reducir-efectos-del-coronavirus","status":"publish","type":"post","link":"https:\/\/agendaparaguay.com\/v2\/2020\/03\/13\/ejecutivo-anuncia-medidas-economicas-para-reducir-efectos-del-coronavirus\/","title":{"rendered":"Ejecutivo anuncia medidas economicas para reducir efectos del Coronavirus"},"content":{"rendered":"<p style=\"text-align: justify;\">En conferencia de presna, el presidente de la rep\u00fablica junto a los mimebros del Equipo Econ\u00f3mico Nacional dio a conocer el paquete de medidas econ\u00f3micas tomadas as\u00ed como la elboracion de un plan de medidas excepcionales en el \u00e1rea de la salud, la econom\u00eda y social para hacer frente a los efectos del coronavirus.<!--more--><\/p>\n<p style=\"text-align: justify;\">En este contexto, el jef de estado anunci\u00f3 que destinar\u00e1n unos 530.000 millones de guaran\u00edes para la compra de insumos y medicamentos, al Ministerio de Salud P\u00fablica.<\/p>\n<p style=\"text-align: justify;\">Igualmente anunci\u00f3 una inyecccion importante para programas de adultos mayores y beneficiarios de Tekopor\u00e2 recibir\u00e1n recursos adicionales.<\/p>\n<p style=\"text-align: justify;\">\u201cEs un desaf\u00edo sin precedentes en la historia mundial y del Paraguay\u201d, destac\u00f3 Abdo Ben\u00edtez.<\/p>\n<p style=\"text-align: justify;\">Indic\u00f3 que con las medidas a ser implementadas, \u00abse busca fortalecer e impactar en la din\u00e1mica de la econom\u00eda para poder enfrentar con mayores herramientas el momento que vive el pa\u00eds\u00bb. En ese sentido admiti\u00f3 que la pandemia afectar\u00e1 no solo a la econom\u00eda mundial, sino tambi\u00e9n nacional, de ah\u00ed la necesidad de implementar las medidas paliativas.<\/p>\n<p style=\"text-align: justify;\">Detall\u00f3 que destinar\u00e1n 530.000 millones de guaran\u00edes para la compra de equipos e insumos para Salud, adem\u00e1s de la habilitaci\u00f3n de 2700 v\u00ednculos para el personal de blanco, que hace pr\u00e1cticamente a 3.800 nuevas incorporaciones, atendiendo a que para la epidemia del dengue se contrataron a 1.100 recursos humanos.<\/p>\n<p style=\"text-align: justify;\">En el sector social, figura la transferencia adicional en abril para 167.000 familias beneficiarias del programa Tekopor\u00e2, as\u00ed como el anticipo de pago a favor de 207.000 adultos mayores. La inversi\u00f3n para ambos sectores es de 150.000 millones de guaran\u00edes.<\/p>\n<p style=\"text-align: justify;\">Respecto al \u00e1rea tributaria, el jefe de Estado inform\u00f3 acerca del fraccionamiento en cinco cuotas sin intereses de Impuesto a la Renta Personal (IRP), al igual que la exoneraci\u00f3n de las multas impositivas hasta junio pr\u00f3ximo.<\/p>\n<p style=\"text-align: justify;\">\u201cTambi\u00e9n estamos preocupados por mantener y cuidar el empleo para que las peque\u00f1as y medianas empresas y la econom\u00eda nacional tenga herramientas para enfrentar esta situaci\u00f3n dif\u00edcil. Estas son las primeras medidas que estamos tomando en estas 72 horas en el campo econ\u00f3mico que creemos que ser\u00e1n herramientas importantes para hacer frente a una eventual desaceleraci\u00f3n en la econom\u00eda y el consumo. Todo esto puede impactar a las empresas en general\u201d, explic\u00f3.<\/p>\n<p style=\"text-align: justify;\">En el campo monetario y financiero, detall\u00f3 que el Banco Central del Paraguay (BCP) dispuso la reducci\u00f3n de la tasa de inter\u00e9s de pol\u00edtica monetaria del 4 por ciento a 3,75 por ciento. \u201cAdem\u00e1s de la disminuci\u00f3n temporal del encaje legal para el refinanciamiento de todos los sectores econ\u00f3micos\u201d, agreg\u00f3.<\/p>\n<p style=\"text-align: justify;\">En ese orden, las instituciones financieras del sector p\u00fablico aprobaron medidas de apoyos temporales. En el caso del Banco Nacional de Fomento (BNF), se pondr\u00e1 a disposici\u00f3n una l\u00ednea especial de capital operativo para el sector productivo por un monto total de 100.000 millones de guaran\u00edes.<\/p>\n<p style=\"text-align: justify;\">Mientras que la Agencia Financiera de Desarrollo (AFD), contar\u00e1 con un producto financiero para la reconversi\u00f3n de operaciones del sector productivo- comercial y de servicios, por valor de 400.000 millones de guaran\u00edes. En tanto que el Cr\u00e9dito Agr\u00edcola de Habilitaci\u00f3n (CAH) har\u00e1 lo propio, mediante la refinanciaci\u00f3n y renovaci\u00f3n de deudas para peque\u00f1os productores.<\/p>\n<p style=\"text-align: justify;\">En el \u00e1rea comercial, se destaca la reducci\u00f3n de arancel a la importaci\u00f3n de bienes de capital, adem\u00e1s de precios referenciales y monitoreo permanente para insumos en el \u00e1mbito de salud. \u201cLicencia para exportaci\u00f3n de productos estrat\u00e9gicos para el \u00e1rea de la salud y facilitaciones para comercio electr\u00f3nico con \u00e9nfasis en el sector de servicios\u201d, indic\u00f3.<\/p>\n<p style=\"text-align: justify;\">En otro momento, asegur\u00f3 que el Ejecutivo est\u00e1 trabajando para construir capacidades de modo a mantener los ambientes laborales dentro del marco de respeto del protocolo sanitario. \u201cEso se puede dar, hay pa\u00edses que no han bajado la productividad de su sector empresarial\u201d, refiri\u00f3.<\/p>\n<p style=\"text-align: justify;\">En esa l\u00ednea, mencion\u00f3 que se van acelerar los procesos de las obras de infraestructura por 90 millones de d\u00f3lares, a trav\u00e9s de los bonos soberanos, de modo a que dicho sector pueda contribuir como aliciente frente a otras \u00e1reas que pudieran verse afectadas por el Covid-19.<\/p>\n<p style=\"text-align: justify;\">Finalmente remarc\u00f3 que el Equipo Econ\u00f3mico Nacional har\u00e1n un monitoreo permanente y en caso de necesidad, adoptar\u00e1n otras decisiones la pr\u00f3xima semana. Al respecto, dijo que tambi\u00e9n se reunir\u00e1n con diferentes estamentos de la sociedad con el objetivo de \u201cmantener la productividad en un ambiente saludable\u201d. Con informqci\u00f3n de Ip.<\/p>\n","protected":false},"excerpt":{"rendered":"<p>En conferencia de presna, el presidente de la rep\u00fablica junto a los mimebros del Equipo Econ\u00f3mico Nacional dio a conocer el paquete de medidas econ\u00f3micas tomadas as\u00ed como la elboracion&hellip; <\/p>\n","protected":false},"author":1,"featured_media":18634,"comment_status":"open","ping_status":"open","sticky":false,"template":"","format":"standard","meta":{"sfsi_plus_gutenberg_text_before_share":"","sfsi_plus_gutenberg_show_text_before_share":"","sfsi_plus_gutenberg_icon_type":"","sfsi_plus_gutenberg_icon_alignemt":"","sfsi_plus_gutenburg_max_per_row":"","footnotes":"","_jetpack_memberships_contains_paid_content":false,"jetpack_publicize_message":"","jetpack_publicize_feature_enabled":true,"jetpack_social_post_already_shared":false,"jetpack_social_options":{"image_generator_settings":{"template":"highway","enabled":false},"version":2}},"categories":[2],"tags":[],"jetpack_publicize_connections":[],"jetpack_sharing_enabled":true,"jetpack_featured_media_url":"https:\/\/agendaparaguay.com\/v2\/wp-content\/uploads\/2020\/03\/marito_abdo_palacio.jpeg","_links":{"self":[{"href":"https:\/\/agendaparaguay.com\/v2\/wp-json\/wp\/v2\/posts\/18633"}],"collection":[{"href":"https:\/\/agendaparaguay.com\/v2\/wp-json\/wp\/v2\/posts"}],"about":[{"href":"https:\/\/agendaparaguay.com\/v2\/wp-json\/wp\/v2\/types\/post"}],"author":[{"embeddable":true,"href":"https:\/\/agendaparaguay.com\/v2\/wp-json\/wp\/v2\/users\/1"}],"replies":[{"embeddable":true,"href":"https:\/\/agendaparaguay.com\/v2\/wp-json\/wp\/v2\/comments?post=18633"}],"version-history":[{"count":1,"href":"https:\/\/agendaparaguay.com\/v2\/wp-json\/wp\/v2\/posts\/18633\/revisions"}],"predecessor-version":[{"id":18635,"href":"https:\/\/agendaparaguay.com\/v2\/wp-json\/wp\/v2\/posts\/18633\/revisions\/18635"}],"wp:featuredmedia":[{"embeddable":true,"href":"https:\/\/agendaparaguay.com\/v2\/wp-json\/wp\/v2\/media\/18634"}],"wp:attachment":[{"href":"https:\/\/agendaparaguay.com\/v2\/wp-json\/wp\/v2\/media?parent=18633"}],"wp:term":[{"taxonomy":"category","embeddable":true,"href":"https:\/\/agendaparaguay.com\/v2\/wp-json\/wp\/v2\/categories?post=18633"},{"taxonomy":"post_tag","embeddable":true,"href":"https:\/\/agendaparaguay.com\/v2\/wp-json\/wp\/v2\/tags?post=18633"}],"curies":[{"name":"wp","href":"https:\/\/api.w.org\/{rel}","templated":true}]}}