{"id":18674,"date":"2020-03-15T18:50:27","date_gmt":"2020-03-15T21:50:27","guid":{"rendered":"http:\/\/agendaparaguay.com\/v2\/?p=18674"},"modified":"2020-03-15T18:48:08","modified_gmt":"2020-03-15T21:48:08","slug":"italia-368-muertos-y-mas-de-2-000-contagios-en-24-horas","status":"publish","type":"post","link":"https:\/\/agendaparaguay.com\/v2\/2020\/03\/15\/italia-368-muertos-y-mas-de-2-000-contagios-en-24-horas\/","title":{"rendered":"Italia: 368 muertos y m\u00e1s de 2.000 contagios en 24 horas"},"content":{"rendered":"<p style=\"text-align: justify;\">Se trata del nuevo r\u00e9cord de decesos en 24 horas en el pa\u00eds, principal foco de la epidemia en Europa. En total, el saldo de fallecidos se elev\u00f3 a 1.809. El n\u00famero de enfermos es de 20.603 personas y los curados son 2.335, lo que equivale a un aumento de 369 respecto al \u00faltimo bolet\u00edn.<!--more--><\/p>\n<p style=\"text-align: justify;\">Los fallecidos en Italia con el coronavirus alcanzaron hoy los 1.809, lo que supone un aumento de 368 en las \u00faltimas veinticuatro horas, seg\u00fan el \u00faltimo balance comunicado por el jefe de la Protecci\u00f3n Civil, Angelo Borrelli, en rueda de prensa.<\/p>\n<p style=\"text-align: justify;\">Este aumento del n\u00famero de v\u00edctimas mortales es el m\u00e1s alto registrado desde que surgiera el foco, a finales del mes de febrero.<\/p>\n<p style=\"text-align: justify;\">El n\u00famero de enfermos actualmente en Italia, principal foco de Europa, es de 20.603 personas, 2.853 m\u00e1s en comparaci\u00f3n con los datos de ayer s\u00e1bado, y los curados son 2.335, lo que equivale a un aumento de 369 respecto al \u00faltimo bolet\u00edn.<\/p>\n<p style=\"text-align: justify;\">La regi\u00f3n de Mil\u00e1n, Lombard\u00eda (norte), sigue siendo la m\u00e1s afectada, con 1.218 muertos y 13.272 casos. Siguen Emilia-Roma\u00f1a (2.741), V\u00e9neto (1.989), Piamonte (1.030) y Las Marcas (centro) con 1.087 enfermos.<\/p>\n<p style=\"text-align: justify;\">Del total de contagiados, 9.268 personas se curan en sus propios domicilios, 9.663 est\u00e1n hospitalizados con s\u00edntomas y 1.672 reciben cuidados intensivos, un 10 % del total aproximadamente.<\/p>\n<p style=\"text-align: justify;\">Con ello, el n\u00famero de contagios totales desde la detecci\u00f3n del brote es de 24.747, contando los enfermos, los fallecidos y los curados, mientras que las pruebas realizadas a la poblaci\u00f3n ascienden ya a 124.899.<\/p>\n<p style=\"text-align: justify;\">La Lombard\u00eda, \u00abcerca del punto de no retorno\u201d<\/p>\n<p style=\"text-align: justify;\">Una de las emergencias de esta regi\u00f3n norte\u00f1a es la escasez de puestos en terapia intensiva, aunque en las \u00faltimas horas los pacientes que requirieron esa terapia ha aumentado solo en 25, \u201cun dato mucho m\u00e1s reducido\u201d que en los \u00faltimos tiempos, se\u00f1al\u00f3.<\/p>\n<p style=\"text-align: justify;\">Las autoridades de Lombard\u00eda hab\u00edan expresado de forma expl\u00edcita su preocupaci\u00f3n ante la capacidad de su sistema de hospitales para hacer frente al flujo de enfermos.<\/p>\n<p style=\"text-align: justify;\">\u201cLas cifras siguen creciendo. Pronto llegar\u00e1 el momento en que no tengamos m\u00e1s camas para reanimaci\u00f3n\u201d, advirti\u00f3 este domingo Attilio Fontana, gobernador de la regi\u00f3n, en entrevista a la cadena Sky TG24.<\/p>\n<p style=\"text-align: justify;\">En conferencia de prensa, el s\u00e1bado, Giulio Gallera, su adjunto encargado de Salud, hab\u00eda afirmado: \u201cEn Lombard\u00eda, s\u00f3lo nos quedan 15 a 20 camas para terapia intensiva. Estamos cerca del punto de no retorno\u201d.<\/p>\n<p style=\"text-align: justify;\">Italia tiene 5.090 camas de cuidados intensivos, que por el momento supera el n\u00famero de pacientes que las necesitan. Tambi\u00e9n est\u00e1 trabajando para crear una nueva capacidad de camas en cl\u00ednicas privadas, hogares de ancianos e incluso en tiendas de campa\u00f1a. Sin embargo, el pa\u00eds tambi\u00e9n necesita m\u00e9dicos y enfermeras (el gobierno quiere contratarlos) y equipos. Fuente: Infobae.com<\/p>\n","protected":false},"excerpt":{"rendered":"<p>Se trata del nuevo r\u00e9cord de decesos en 24 horas en el pa\u00eds, principal foco de la epidemia en Europa. En total, el saldo de fallecidos se elev\u00f3 a 1.809.&hellip; <\/p>\n","protected":false},"author":1,"featured_media":17152,"comment_status":"open","ping_status":"open","sticky":false,"template":"","format":"standard","meta":{"sfsi_plus_gutenberg_text_before_share":"","sfsi_plus_gutenberg_show_text_before_share":"","sfsi_plus_gutenberg_icon_type":"","sfsi_plus_gutenberg_icon_alignemt":"","sfsi_plus_gutenburg_max_per_row":"","footnotes":"","_jetpack_memberships_contains_paid_content":false,"jetpack_publicize_message":"","jetpack_publicize_feature_enabled":true,"jetpack_social_post_already_shared":false,"jetpack_social_options":{"image_generator_settings":{"template":"highway","enabled":false},"version":2}},"categories":[6],"tags":[],"jetpack_publicize_connections":[],"jetpack_sharing_enabled":true,"jetpack_featured_media_url":"https:\/\/agendaparaguay.com\/v2\/wp-content\/uploads\/2020\/01\/coronavirus_china.jpg","_links":{"self":[{"href":"https:\/\/agendaparaguay.com\/v2\/wp-json\/wp\/v2\/posts\/18674"}],"collection":[{"href":"https:\/\/agendaparaguay.com\/v2\/wp-json\/wp\/v2\/posts"}],"about":[{"href":"https:\/\/agendaparaguay.com\/v2\/wp-json\/wp\/v2\/types\/post"}],"author":[{"embeddable":true,"href":"https:\/\/agendaparaguay.com\/v2\/wp-json\/wp\/v2\/users\/1"}],"replies":[{"embeddable":true,"href":"https:\/\/agendaparaguay.com\/v2\/wp-json\/wp\/v2\/comments?post=18674"}],"version-history":[{"count":3,"href":"https:\/\/agendaparaguay.com\/v2\/wp-json\/wp\/v2\/posts\/18674\/revisions"}],"predecessor-version":[{"id":18677,"href":"https:\/\/agendaparaguay.com\/v2\/wp-json\/wp\/v2\/posts\/18674\/revisions\/18677"}],"wp:featuredmedia":[{"embeddable":true,"href":"https:\/\/agendaparaguay.com\/v2\/wp-json\/wp\/v2\/media\/17152"}],"wp:attachment":[{"href":"https:\/\/agendaparaguay.com\/v2\/wp-json\/wp\/v2\/media?parent=18674"}],"wp:term":[{"taxonomy":"category","embeddable":true,"href":"https:\/\/agendaparaguay.com\/v2\/wp-json\/wp\/v2\/categories?post=18674"},{"taxonomy":"post_tag","embeddable":true,"href":"https:\/\/agendaparaguay.com\/v2\/wp-json\/wp\/v2\/tags?post=18674"}],"curies":[{"name":"wp","href":"https:\/\/api.w.org\/{rel}","templated":true}]}}