{"id":18683,"date":"2020-03-15T21:23:04","date_gmt":"2020-03-16T00:23:04","guid":{"rendered":"http:\/\/agendaparaguay.com\/v2\/?p=18683"},"modified":"2020-03-15T21:23:04","modified_gmt":"2020-03-16T00:23:04","slug":"argentina-anuncia-cierre-fronteras-y-suspende-clases-por-15-dias","status":"publish","type":"post","link":"https:\/\/agendaparaguay.com\/v2\/2020\/03\/15\/argentina-anuncia-cierre-fronteras-y-suspende-clases-por-15-dias\/","title":{"rendered":"Argentina anuncia cierre fronteras y suspende clases por 15 d\u00edas"},"content":{"rendered":"<p style=\"text-align: justify;\">El presidente Alberto Fern\u00e1nez anunci\u00f3 hoy la suspensi\u00f3n de las clases por 15 d\u00edas para minimizar la circulaci\u00f3n del coronavirus. Lo hizo luego de encabezar una reuni\u00f3n en la quinta de Olivos donde participaron funcionarios del gabinete, dirigentes de la oposici\u00f3n y especialistas sanitarios<!--more--><\/p>\n<p style=\"text-align: justify;\">C\u00f3mo anunci\u00f3 Infobae ayer, el jefe de Estado decidi\u00f3 suspender las clases para jardines, primarias y secundarias. \u201cLa idea es poder hacer algo para evitar la circulaci\u00f3n\u201d, explic\u00f3, al tiempo que afirm\u00f3 que \u201cel riesgo de contagio (en los menores) no es importante\u201d.<\/p>\n<p style=\"text-align: justify;\">En referencia al motivo por el que decidi\u00f3 suspender las clases, afirm\u00f3 que el virus \u00abno se ha dado como un factor de riesgo para los menores ni hay casos trascendentales, pero muchas veces son portadores y terminan contagiando a los adultos\u201d.<\/p>\n<p style=\"text-align: justify;\">Adem\u00e1s, el Presidente dijo que a pesar de que no se dicten clases, \u201clas escuelas estar\u00e1n abiertas\u201d ya que \u201cmuchas de ellas cumplen con otras funciones como las relacionadas con la alimentaci\u00f3n\u00bb. \u201cLo que est\u00e1 claro es que los chicos no van a tener clases en esos d\u00edas\u201d, confirm\u00f3.<\/p>\n<p style=\"text-align: justify;\">El Jefe de Estado estuvo acompa\u00f1ado por el gobernador de la provincia de Buenos Aires, Axel Kicillof y el jefe de Gobierno porte\u00f1o, Horacio Rodr\u00edguez Larreta. Tambi\u00e9n, anunci\u00f3 que las fronteras argentinas estar\u00e1n cerradas durante 15 d\u00edas, y se dispuso licencias laborales para todos los mayores de 65 a\u00f1os.<\/p>\n<p style=\"text-align: justify;\">\u201cTodo indica que lo que tenemos que lograr es minimizar la circulaci\u00f3n del virus. Hacer todo lo posible para que el virus no circule entre nosotros\u201d, explic\u00f3 el Presidente durante la conferencia de prensa, al tiempo que remarc\u00f3: \u201cTenemos que ganar tiempo para poder administrar de la mejor manera la cuesti\u00f3n sanitaria\u201d.<\/p>\n<p style=\"text-align: justify;\">Fern\u00e1ndez asegur\u00f3 que durante la tarde analizaron al detalle las medidas a tomar y que llegaron a la conclusi\u00f3n de que tienen que ser \u201cdr\u00e1sticas\u201d para que \u201cse ataque en conjunto\u201d y se pueda \u201cimpedir la proliferaci\u00f3n del virus\u00bb.<\/p>\n<p style=\"text-align: justify;\">En otro tramo de la conferencia, se refiri\u00f3 a la decisi\u00f3n del Gobierno nacional de cerrar todas las fronteras de la Argentina. \u201cSe cerrar\u00e1n durante los pr\u00f3ximos 15 d\u00edas. Lo hacemos porque el coronavirus no viene solo de Europa y est\u00e1 empezando a afectar a los pa\u00edses lim\u00edtrofes y a nosotros mismos\u00bb, precis\u00f3.<\/p>\n<p style=\"text-align: justify;\">En ese sentido, explic\u00f3 que \u201cpor las fronteras terrestres vienen turistas que estuvieron en las zonas que nosotros consideramos de riesgo\u201d y que por eso se tom\u00f3 la decisi\u00f3n de que \u201cnadie pueda ingresar a la Argentina, salvo los argentinos nativos y los residentes\u201d.<\/p>\n<p style=\"text-align: justify;\">Otras de las decisiones que tom\u00f3 el Gobierno es la de disponer la licencia de aquellas personas que tengan m\u00e1s de 65 a\u00f1os, quienes forman parte de los grupos de riesgo. \u201cLes pedimos que se queden en sus casas tranquilos\u201d, indic\u00f3.<\/p>\n<p style=\"text-align: justify;\">El Presidente asegur\u00f3 que a los mayores de 65 a\u00f1os se \u201cles fijar\u00e1 un horario de atenci\u00f3n en los bancos y centros de salud para que no tengan que esperar, ni tengan que someterse a un aglomeramiento de gente\u00bb.<\/p>\n<p style=\"text-align: justify;\">En lo que respecta a las actividades sociales y de entretenimiento, Fern\u00e1ndez dijo que \u201cno se van a poder desarrollar ning\u00fan tipo de espect\u00e1culos deportivos y musicales\u201d. Tampoco habr\u00e1 teatros y cine. \u201cSe suspender\u00e1 todo aquello que signe un nucleamiento de gente, tratando de evitar que en la multitud se disemine el virus\u201d, explic\u00f3.<\/p>\n<p style=\"text-align: justify;\">Por otro lado, adelant\u00f3 que ma\u00f1ana se reunir\u00e1 el gabinete econ\u00f3mico y social. All\u00ed, junto al gobernador Axel Kicillof y el jefe de Gobierno porte\u00f1o anunciar\u00e1n m\u00e1s medidas para restringir el tr\u00e1nsito en \u00e1rea metropolitana. Si bien se\u00f1al\u00f3 que el AMBA es \u201cel \u00e1mbito que concentra el mayor nivel de infectados\u201d y destac\u00f3 que hay que \u201chacer el esfuerzo de minimizar el tr\u00e1nsito\u201d, no adelant\u00f3 medidas concretas con respecto al transporte p\u00fablico. Fuente: Infobae.com<\/p>\n","protected":false},"excerpt":{"rendered":"<p>El presidente Alberto Fern\u00e1nez anunci\u00f3 hoy la suspensi\u00f3n de las clases por 15 d\u00edas para minimizar la circulaci\u00f3n del coronavirus. Lo hizo luego de encabezar una reuni\u00f3n en la quinta&hellip; <\/p>\n","protected":false},"author":1,"featured_media":17069,"comment_status":"open","ping_status":"open","sticky":false,"template":"","format":"standard","meta":{"sfsi_plus_gutenberg_text_before_share":"","sfsi_plus_gutenberg_show_text_before_share":"","sfsi_plus_gutenberg_icon_type":"","sfsi_plus_gutenberg_icon_alignemt":"","sfsi_plus_gutenburg_max_per_row":"","footnotes":"","_jetpack_memberships_contains_paid_content":false,"jetpack_publicize_message":"","jetpack_publicize_feature_enabled":true,"jetpack_social_post_already_shared":false,"jetpack_social_options":{"image_generator_settings":{"template":"highway","enabled":false},"version":2}},"categories":[6],"tags":[],"jetpack_publicize_connections":[],"jetpack_sharing_enabled":true,"jetpack_featured_media_url":"https:\/\/agendaparaguay.com\/v2\/wp-content\/uploads\/2020\/01\/china_coronavirus.jpg","_links":{"self":[{"href":"https:\/\/agendaparaguay.com\/v2\/wp-json\/wp\/v2\/posts\/18683"}],"collection":[{"href":"https:\/\/agendaparaguay.com\/v2\/wp-json\/wp\/v2\/posts"}],"about":[{"href":"https:\/\/agendaparaguay.com\/v2\/wp-json\/wp\/v2\/types\/post"}],"author":[{"embeddable":true,"href":"https:\/\/agendaparaguay.com\/v2\/wp-json\/wp\/v2\/users\/1"}],"replies":[{"embeddable":true,"href":"https:\/\/agendaparaguay.com\/v2\/wp-json\/wp\/v2\/comments?post=18683"}],"version-history":[{"count":1,"href":"https:\/\/agendaparaguay.com\/v2\/wp-json\/wp\/v2\/posts\/18683\/revisions"}],"predecessor-version":[{"id":18684,"href":"https:\/\/agendaparaguay.com\/v2\/wp-json\/wp\/v2\/posts\/18683\/revisions\/18684"}],"wp:featuredmedia":[{"embeddable":true,"href":"https:\/\/agendaparaguay.com\/v2\/wp-json\/wp\/v2\/media\/17069"}],"wp:attachment":[{"href":"https:\/\/agendaparaguay.com\/v2\/wp-json\/wp\/v2\/media?parent=18683"}],"wp:term":[{"taxonomy":"category","embeddable":true,"href":"https:\/\/agendaparaguay.com\/v2\/wp-json\/wp\/v2\/categories?post=18683"},{"taxonomy":"post_tag","embeddable":true,"href":"https:\/\/agendaparaguay.com\/v2\/wp-json\/wp\/v2\/tags?post=18683"}],"curies":[{"name":"wp","href":"https:\/\/api.w.org\/{rel}","templated":true}]}}