{"id":18771,"date":"2020-03-17T11:30:52","date_gmt":"2020-03-17T14:30:52","guid":{"rendered":"http:\/\/agendaparaguay.com\/v2\/?p=18771"},"modified":"2020-03-17T10:52:59","modified_gmt":"2020-03-17T13:52:59","slug":"suspenden-totalmente-visitas-a-las-penitenciarias","status":"publish","type":"post","link":"https:\/\/agendaparaguay.com\/v2\/2020\/03\/17\/suspenden-totalmente-visitas-a-las-penitenciarias\/","title":{"rendered":"Suspenden totalmente visitas a las penitenciar\u00edas"},"content":{"rendered":"<p style=\"text-align: justify;\">Ante la urgente necesidad de evitar aglomeraciones de personas y la circulaci\u00f3n del coronavirus en los Centros Penitenciarios y Educativos, en cumplimiento a las recomendaciones del Ministerio de Salud P\u00fablica y Bienestar Social, el Ministerio de Justicia dispuso la suspensi\u00f3n total de las visitas en el periodo comprendido entre el 18 al 26 de marzo.<!--more--><\/p>\n<p style=\"text-align: justify;\">Durante la medida adoptada solo se permitir\u00e1 el ingreso de los funcionarios penitenciarios, profesionales de blanco y personal extra penitenciario cuya labor sea imprescindible. Excepcionalmente los voluntarios de ONGs y entidades colaboradoras tambi\u00e9n podr\u00e1n tener acceso.<\/p>\n<p style=\"text-align: justify;\">El Ministerio de Justicia prev\u00e9 medidas compensatorias como la organizaci\u00f3n de torneos deportivos, proyecci\u00f3n de pel\u00edculas, concurso de karaoke, concurso de bailes y encuentros espirituales.<\/p>\n<p style=\"text-align: justify;\">Para el ingreso de los abogados y defensores p\u00fablicos o profesionales, podr\u00e1n acceder previo al cumplimiento de las medidas sanitarias de prevenci\u00f3n implementada en los accesos. Se suspenden adem\u00e1s los traslados entre centros penitenciarios y educativos, salvo aquellos que obedezcan a razones excepcionales sanitarias o judiciales.<\/p>\n","protected":false},"excerpt":{"rendered":"<p>Ante la urgente necesidad de evitar aglomeraciones de personas y la circulaci\u00f3n del coronavirus en los Centros Penitenciarios y Educativos, en cumplimiento a las recomendaciones del Ministerio de Salud P\u00fablica&hellip; <\/p>\n","protected":false},"author":1,"featured_media":18772,"comment_status":"open","ping_status":"open","sticky":false,"template":"","format":"standard","meta":{"sfsi_plus_gutenberg_text_before_share":"","sfsi_plus_gutenberg_show_text_before_share":"","sfsi_plus_gutenberg_icon_type":"","sfsi_plus_gutenberg_icon_alignemt":"","sfsi_plus_gutenburg_max_per_row":"","footnotes":"","_jetpack_memberships_contains_paid_content":false,"jetpack_publicize_message":"","jetpack_publicize_feature_enabled":true,"jetpack_social_post_already_shared":false,"jetpack_social_options":{"image_generator_settings":{"template":"highway","enabled":false},"version":2}},"categories":[2],"tags":[],"jetpack_publicize_connections":[],"jetpack_sharing_enabled":true,"jetpack_featured_media_url":"https:\/\/agendaparaguay.com\/v2\/wp-content\/uploads\/2020\/03\/tacumbu_visita_carcel.jpg","_links":{"self":[{"href":"https:\/\/agendaparaguay.com\/v2\/wp-json\/wp\/v2\/posts\/18771"}],"collection":[{"href":"https:\/\/agendaparaguay.com\/v2\/wp-json\/wp\/v2\/posts"}],"about":[{"href":"https:\/\/agendaparaguay.com\/v2\/wp-json\/wp\/v2\/types\/post"}],"author":[{"embeddable":true,"href":"https:\/\/agendaparaguay.com\/v2\/wp-json\/wp\/v2\/users\/1"}],"replies":[{"embeddable":true,"href":"https:\/\/agendaparaguay.com\/v2\/wp-json\/wp\/v2\/comments?post=18771"}],"version-history":[{"count":1,"href":"https:\/\/agendaparaguay.com\/v2\/wp-json\/wp\/v2\/posts\/18771\/revisions"}],"predecessor-version":[{"id":18773,"href":"https:\/\/agendaparaguay.com\/v2\/wp-json\/wp\/v2\/posts\/18771\/revisions\/18773"}],"wp:featuredmedia":[{"embeddable":true,"href":"https:\/\/agendaparaguay.com\/v2\/wp-json\/wp\/v2\/media\/18772"}],"wp:attachment":[{"href":"https:\/\/agendaparaguay.com\/v2\/wp-json\/wp\/v2\/media?parent=18771"}],"wp:term":[{"taxonomy":"category","embeddable":true,"href":"https:\/\/agendaparaguay.com\/v2\/wp-json\/wp\/v2\/categories?post=18771"},{"taxonomy":"post_tag","embeddable":true,"href":"https:\/\/agendaparaguay.com\/v2\/wp-json\/wp\/v2\/tags?post=18771"}],"curies":[{"name":"wp","href":"https:\/\/api.w.org\/{rel}","templated":true}]}}