{"id":18787,"date":"2020-03-17T17:30:34","date_gmt":"2020-03-17T20:30:34","guid":{"rendered":"http:\/\/agendaparaguay.com\/v2\/?p=18787"},"modified":"2020-03-17T15:33:43","modified_gmt":"2020-03-17T18:33:43","slug":"condenan-a-27-anos-de-carcel-a-lider-del-clan-rotela","status":"publish","type":"post","link":"https:\/\/agendaparaguay.com\/v2\/2020\/03\/17\/condenan-a-27-anos-de-carcel-a-lider-del-clan-rotela\/","title":{"rendered":"Condenan a 27 a\u00f1os de c\u00e1rcel a l\u00edder del Clan Rotela"},"content":{"rendered":"<p style=\"text-align: justify;\">El Fiscal Isaac Ferreira obtuvo hoy 27 a\u00f1os de prisi\u00f3n, 19 a\u00f1os de c\u00e1rcel m\u00e1s 8 de medida de seguridad para Armando Javier Rotela, considerado como el zar del microtr\u00e1fico.<!--more--><\/p>\n<p style=\"text-align: justify;\">En sus alegatos finales el representante del Ministerio P\u00fablico solicit\u00f3 la pena de 22 a\u00f1os de c\u00e1rcel m\u00e1s 10 de medidas de seguridad. El representante del Ministerio P\u00fablico explic\u00f3 que se prob\u00f3 en juicio todos los hechos que la Fiscal\u00eda acuso.<\/p>\n<p style=\"text-align: justify;\">Rotela, es considerado l\u00edder de una estructura criminal dedicada al microtr\u00e1fico y es considerado jefe del Clan Rotela, una organizaci\u00f3n que se hizo fuerte en la penitenciar\u00eda de Tacumb\u00fa y que se fue extendiendo en el resto de los centros penitenciarios del pa\u00eds, incluso, disput\u00e1ndole el control al Primer Comando PCC.<\/p>\n<p style=\"text-align: justify;\">El Tribunal sostuvo que se prob\u00f3 en juicio la responsabilidad del acusado en los hechos que sostiene el Ministerio P\u00fablico por lo que corresponde aplicar la condena m\u00e1s 8 a\u00f1os de medida de seguridad debido a que el acusado es considerado peligroso para la sociedad.<\/p>\n","protected":false},"excerpt":{"rendered":"<p>El Fiscal Isaac Ferreira obtuvo hoy 27 a\u00f1os de prisi\u00f3n, 19 a\u00f1os de c\u00e1rcel m\u00e1s 8 de medida de seguridad para Armando Javier Rotela, considerado como el zar del microtr\u00e1fico.<\/p>\n","protected":false},"author":1,"featured_media":6651,"comment_status":"open","ping_status":"open","sticky":false,"template":"","format":"standard","meta":{"sfsi_plus_gutenberg_text_before_share":"","sfsi_plus_gutenberg_show_text_before_share":"","sfsi_plus_gutenberg_icon_type":"","sfsi_plus_gutenberg_icon_alignemt":"","sfsi_plus_gutenburg_max_per_row":"","footnotes":"","_jetpack_memberships_contains_paid_content":false,"jetpack_publicize_message":"","jetpack_publicize_feature_enabled":true,"jetpack_social_post_already_shared":false,"jetpack_social_options":{"image_generator_settings":{"template":"highway","enabled":false},"version":2}},"categories":[5],"tags":[],"jetpack_publicize_connections":[],"jetpack_sharing_enabled":true,"jetpack_featured_media_url":"https:\/\/agendaparaguay.com\/v2\/wp-content\/uploads\/2019\/04\/corte_suprema_de_justicia.jpg","_links":{"self":[{"href":"https:\/\/agendaparaguay.com\/v2\/wp-json\/wp\/v2\/posts\/18787"}],"collection":[{"href":"https:\/\/agendaparaguay.com\/v2\/wp-json\/wp\/v2\/posts"}],"about":[{"href":"https:\/\/agendaparaguay.com\/v2\/wp-json\/wp\/v2\/types\/post"}],"author":[{"embeddable":true,"href":"https:\/\/agendaparaguay.com\/v2\/wp-json\/wp\/v2\/users\/1"}],"replies":[{"embeddable":true,"href":"https:\/\/agendaparaguay.com\/v2\/wp-json\/wp\/v2\/comments?post=18787"}],"version-history":[{"count":1,"href":"https:\/\/agendaparaguay.com\/v2\/wp-json\/wp\/v2\/posts\/18787\/revisions"}],"predecessor-version":[{"id":18788,"href":"https:\/\/agendaparaguay.com\/v2\/wp-json\/wp\/v2\/posts\/18787\/revisions\/18788"}],"wp:featuredmedia":[{"embeddable":true,"href":"https:\/\/agendaparaguay.com\/v2\/wp-json\/wp\/v2\/media\/6651"}],"wp:attachment":[{"href":"https:\/\/agendaparaguay.com\/v2\/wp-json\/wp\/v2\/media?parent=18787"}],"wp:term":[{"taxonomy":"category","embeddable":true,"href":"https:\/\/agendaparaguay.com\/v2\/wp-json\/wp\/v2\/categories?post=18787"},{"taxonomy":"post_tag","embeddable":true,"href":"https:\/\/agendaparaguay.com\/v2\/wp-json\/wp\/v2\/tags?post=18787"}],"curies":[{"name":"wp","href":"https:\/\/api.w.org\/{rel}","templated":true}]}}