{"id":18957,"date":"2020-03-20T21:00:50","date_gmt":"2020-03-21T00:00:50","guid":{"rendered":"http:\/\/agendaparaguay.com\/v2\/?p=18957"},"modified":"2020-03-20T21:00:03","modified_gmt":"2020-03-21T00:00:03","slug":"cuarentena-total-a-partir-de-este-sabado-21","status":"publish","type":"post","link":"https:\/\/agendaparaguay.com\/v2\/2020\/03\/20\/cuarentena-total-a-partir-de-este-sabado-21\/","title":{"rendered":"Presidente anuncia cuarentena total a partir de este s\u00e1bado 21"},"content":{"rendered":"<p style=\"text-align: justify;\">El presidente de la rep\u00fablica anunci\u00f3 cuarentena total desde este s\u00e1bado 21 de marzo hasta el pr\u00f3ximo 28, aunque la medida de aislamiento rige hasta el pr\u00f3ximo 12 de abril.<!--more--><\/p>\n<p style=\"text-align: justify;\">\u201cEsta es una pandemia que nos ha obligado a cambiar nuestra forma de relacionarnos, nuestro d\u00eda a d\u00eda y nuestra vida. Jamas imaginamos que en una semana todo cambiaria tan r\u00e1pido en el mundo y en Paraguay\u201d, expres\u00f3 el jefe de estado.<\/p>\n<p style=\"text-align: justify;\">Resalt\u00f3 que la pandemia genera una incertidumbre a nivel mundial, acot\u00f3 que las estad\u00edsticas muestran que el \u201caislamiento social\u201d es la \u00fanica forma m\u00e1s positiva de combatir la propagaci\u00f3n del virus.<br \/>\n\u201cNo podemos permitir que este virus se propague a\u00fan m\u00e1s en nuestro pa\u00eds, lo peor que nos puede pasar es que haya una demanda masiva, del sistema de salud y este no aguante\u201d, resalt\u00f3.<\/p>\n<p style=\"text-align: justify;\">Inst\u00f3 a la ciudadan\u00eda a colaborar respetando las medidas de seguridad a fin de mantener al m\u00ednimo la posibilidad de contagio y frenar la expansi\u00f3n, antes que se esto se vuelva incontrolable.<\/p>\n<p style=\"text-align: justify;\">Indic\u00f3 finalmente que el virus no distingue de posici\u00f3n econ\u00f3mica ni cargos, ni partidos pol\u00edticos. \u201cEsta pandemia nos ense\u00f1a que todos somos iguales. Esta uni\u00f3n nos har\u00e1 m\u00e1s fuertes como paraguayos y los paraguayos somos un pueblo guerrero\u201d, reflexion\u00f3 el jefe de estado.<\/p>\n<p style=\"text-align: justify;\">\u201cLa pelea la daremos juntos y pronto estaremos abrazados de nuevo. Por favor qu\u00e9dense en casa, juntos en familia y unidos en oraci\u00f3n\u201d, concluy\u00f3 Mario Abdo Ben\u00edtez.<\/p>\n","protected":false},"excerpt":{"rendered":"<p>El presidente de la rep\u00fablica anunci\u00f3 cuarentena total desde este s\u00e1bado 21 de marzo hasta el pr\u00f3ximo 28, aunque la medida de aislamiento rige hasta el pr\u00f3ximo 12 de abril.<\/p>\n","protected":false},"author":1,"featured_media":18471,"comment_status":"open","ping_status":"open","sticky":false,"template":"","format":"standard","meta":{"sfsi_plus_gutenberg_text_before_share":"","sfsi_plus_gutenberg_show_text_before_share":"","sfsi_plus_gutenberg_icon_type":"","sfsi_plus_gutenberg_icon_alignemt":"","sfsi_plus_gutenburg_max_per_row":"","footnotes":"","_jetpack_memberships_contains_paid_content":false,"jetpack_publicize_message":"","jetpack_publicize_feature_enabled":true,"jetpack_social_post_already_shared":false,"jetpack_social_options":{"image_generator_settings":{"template":"highway","enabled":false},"version":2}},"categories":[5],"tags":[],"jetpack_publicize_connections":[],"jetpack_sharing_enabled":true,"jetpack_featured_media_url":"https:\/\/agendaparaguay.com\/v2\/wp-content\/uploads\/2020\/03\/marito_mazzoleni_0320.jpeg","_links":{"self":[{"href":"https:\/\/agendaparaguay.com\/v2\/wp-json\/wp\/v2\/posts\/18957"}],"collection":[{"href":"https:\/\/agendaparaguay.com\/v2\/wp-json\/wp\/v2\/posts"}],"about":[{"href":"https:\/\/agendaparaguay.com\/v2\/wp-json\/wp\/v2\/types\/post"}],"author":[{"embeddable":true,"href":"https:\/\/agendaparaguay.com\/v2\/wp-json\/wp\/v2\/users\/1"}],"replies":[{"embeddable":true,"href":"https:\/\/agendaparaguay.com\/v2\/wp-json\/wp\/v2\/comments?post=18957"}],"version-history":[{"count":3,"href":"https:\/\/agendaparaguay.com\/v2\/wp-json\/wp\/v2\/posts\/18957\/revisions"}],"predecessor-version":[{"id":18963,"href":"https:\/\/agendaparaguay.com\/v2\/wp-json\/wp\/v2\/posts\/18957\/revisions\/18963"}],"wp:featuredmedia":[{"embeddable":true,"href":"https:\/\/agendaparaguay.com\/v2\/wp-json\/wp\/v2\/media\/18471"}],"wp:attachment":[{"href":"https:\/\/agendaparaguay.com\/v2\/wp-json\/wp\/v2\/media?parent=18957"}],"wp:term":[{"taxonomy":"category","embeddable":true,"href":"https:\/\/agendaparaguay.com\/v2\/wp-json\/wp\/v2\/categories?post=18957"},{"taxonomy":"post_tag","embeddable":true,"href":"https:\/\/agendaparaguay.com\/v2\/wp-json\/wp\/v2\/tags?post=18957"}],"curies":[{"name":"wp","href":"https:\/\/api.w.org\/{rel}","templated":true}]}}