{"id":19272,"date":"2020-03-28T10:11:17","date_gmt":"2020-03-28T14:11:17","guid":{"rendered":"http:\/\/agendaparaguay.com\/v2\/?p=19272"},"modified":"2020-03-28T10:23:34","modified_gmt":"2020-03-28T14:23:34","slug":"presidente-confirma-que-aislamiento-total-seguira-hasta-el-12-de-abril","status":"publish","type":"post","link":"https:\/\/agendaparaguay.com\/v2\/2020\/03\/28\/presidente-confirma-que-aislamiento-total-seguira-hasta-el-12-de-abril\/","title":{"rendered":"Presidente confirma que aislamiento total seguir\u00e1 hasta el 12 de abril"},"content":{"rendered":"<p style=\"text-align: justify;\">El presidente de la rep\u00fablica Mario Abdo Ben\u00edtez confirm\u00f3 a trav\u00e9s de su cuenta en twitter que el aislamiento que rige en estos momentos seguir\u00e1 hasta el pr\u00f3ximo 12 de abril.<!--more--><\/p>\n<p style=\"text-align: justify;\">\u00abDespu\u00e9s de escuchar los argumentos de todos los sectores. He decidido mantener el aislamiento total hasta el 12 de abril. Pido un esfuerzo m\u00e1s a todos! Continuemos solidarios con nuestro sistema de Salud\u00bb, escribi\u00f3 el jefe de estado en su cuenta oficial de la red social.<\/p>\n<blockquote class=\"twitter-tweet\" data-width=\"550\" data-dnt=\"true\">\n<p lang=\"es\" dir=\"ltr\">Despu\u00e9s de escuchar los argumentos de todos los sectores. He decidido mantener el aislamiento total hasta el 12 de abril.  Pido un esfuerzo m\u00e1s a todos! Continuemos solidarios con nuestro sistema de Salud. <a href=\"https:\/\/t.co\/zrECbDSp1a\">pic.twitter.com\/zrECbDSp1a<\/a><\/p>\n<p>&mdash; Marito Abdo (@MaritoAbdo) <a href=\"https:\/\/twitter.com\/MaritoAbdo\/status\/1243901733924978688?ref_src=twsrc%5Etfw\">March 28, 2020<\/a><\/p><\/blockquote>\n<p><script async src=\"https:\/\/platform.twitter.com\/widgets.js\" charset=\"utf-8\"><\/script><\/p>\n<p>En conferencia de prensa, en la residencia presidencial Mburuvucha R\u00f3ga, Hernan Hutteman, asesor del presidente de la rep\u00fablica aclar\u00f3 que se introducen dos aspectos a el cuarentena vigente; por un lado, empleadores y personal administrativo tienen licencia para realizar tr\u00e1mites de pago a trabajadores y proveedores los d\u00edas 30 y 31 de marzo.<\/p>\n<p>Por otro lado, el Ministerio de Educaci\u00f3n y Ciencias tiene la habilitaci\u00f3n para convocar al personal administrativo necesario para coordinar la entrega de kits de alimentos a las familias de los alumnos, en el marco del convenio con los proveedores de la merienda escolar.<\/p>\n","protected":false},"excerpt":{"rendered":"<p>El presidente de la rep\u00fablica Mario Abdo Ben\u00edtez confirm\u00f3 a trav\u00e9s de su cuenta en twitter que el aislamiento que rige en estos momentos seguir\u00e1 hasta el pr\u00f3ximo 12 de&hellip; <\/p>\n","protected":false},"author":1,"featured_media":19182,"comment_status":"open","ping_status":"open","sticky":false,"template":"","format":"standard","meta":{"sfsi_plus_gutenberg_text_before_share":"","sfsi_plus_gutenberg_show_text_before_share":"","sfsi_plus_gutenberg_icon_type":"","sfsi_plus_gutenberg_icon_alignemt":"","sfsi_plus_gutenburg_max_per_row":"","footnotes":"","_jetpack_memberships_contains_paid_content":false,"jetpack_publicize_message":"","jetpack_publicize_feature_enabled":true,"jetpack_social_post_already_shared":false,"jetpack_social_options":{"image_generator_settings":{"template":"highway","enabled":false},"version":2}},"categories":[2],"tags":[],"jetpack_publicize_connections":[],"jetpack_sharing_enabled":true,"jetpack_featured_media_url":"https:\/\/agendaparaguay.com\/v2\/wp-content\/uploads\/2020\/03\/marito_abdo_decreto.jpeg","_links":{"self":[{"href":"https:\/\/agendaparaguay.com\/v2\/wp-json\/wp\/v2\/posts\/19272"}],"collection":[{"href":"https:\/\/agendaparaguay.com\/v2\/wp-json\/wp\/v2\/posts"}],"about":[{"href":"https:\/\/agendaparaguay.com\/v2\/wp-json\/wp\/v2\/types\/post"}],"author":[{"embeddable":true,"href":"https:\/\/agendaparaguay.com\/v2\/wp-json\/wp\/v2\/users\/1"}],"replies":[{"embeddable":true,"href":"https:\/\/agendaparaguay.com\/v2\/wp-json\/wp\/v2\/comments?post=19272"}],"version-history":[{"count":3,"href":"https:\/\/agendaparaguay.com\/v2\/wp-json\/wp\/v2\/posts\/19272\/revisions"}],"predecessor-version":[{"id":19275,"href":"https:\/\/agendaparaguay.com\/v2\/wp-json\/wp\/v2\/posts\/19272\/revisions\/19275"}],"wp:featuredmedia":[{"embeddable":true,"href":"https:\/\/agendaparaguay.com\/v2\/wp-json\/wp\/v2\/media\/19182"}],"wp:attachment":[{"href":"https:\/\/agendaparaguay.com\/v2\/wp-json\/wp\/v2\/media?parent=19272"}],"wp:term":[{"taxonomy":"category","embeddable":true,"href":"https:\/\/agendaparaguay.com\/v2\/wp-json\/wp\/v2\/categories?post=19272"},{"taxonomy":"post_tag","embeddable":true,"href":"https:\/\/agendaparaguay.com\/v2\/wp-json\/wp\/v2\/tags?post=19272"}],"curies":[{"name":"wp","href":"https:\/\/api.w.org\/{rel}","templated":true}]}}