{"id":19276,"date":"2020-03-28T11:00:14","date_gmt":"2020-03-28T15:00:14","guid":{"rendered":"http:\/\/agendaparaguay.com\/v2\/?p=19276"},"modified":"2020-03-28T10:47:41","modified_gmt":"2020-03-28T14:47:41","slug":"espana-llego-a-su-maximo-diario-832-en-las-ultimas-24-horas","status":"publish","type":"post","link":"https:\/\/agendaparaguay.com\/v2\/2020\/03\/28\/espana-llego-a-su-maximo-diario-832-en-las-ultimas-24-horas\/","title":{"rendered":"Espa\u00f1a lleg\u00f3 a su m\u00e1ximo diario: 832 en las \u00faltimas 24 horas"},"content":{"rendered":"<p style=\"text-align: justify;\">El ministerio espa\u00f1ol de Sanidad anunci\u00f3 este s\u00e1bado que 832 personas murieron en las \u00faltimas 24 horas por coronavirus, un nuevo r\u00e9cord diario en el pa\u00eds que eleva el total de muertos a 5.690, el segundo m\u00e1s alto del mundo. No obstante, el pa\u00eds contin\u00faa estabilizando el aumento de contagios.<!--more--><\/p>\n<p style=\"text-align: justify;\">Los nuevos casos confirmados aumentaron en 8.189, un incremento del 12,7%. El dato es menor al de ayer, cuando fue de un 14%, y al de anteayer (18%). Los casos oficialmente diagnosticados llegan a 72.248.<\/p>\n<p style=\"text-align: justify;\">El n\u00famero de pacientes en cuidados intensivos es de 4.575 (un 9,84 por ciento m\u00e1s, otra cifra que tiende a la estabilizaci\u00f3n), mientras que los sanados siguieron aumentando con fuerza (un 31,3% en 24 horas) y son ya 12.285, seg\u00fan los datos del ministerio.<\/p>\n<p style=\"text-align: justify;\">Espa\u00f1a es actualmente el segundo pa\u00eds del mundo con el mayor n\u00famero de fallecidos por coronavirus, s\u00f3lo por detr\u00e1s de Italia, que el viernes inform\u00f3 de un total de 9.134 muertos.<\/p>\n<p style=\"text-align: justify;\">Las regiones m\u00e1s golpeadas son la de Madrid, con 2.757 muertos, casi la mitad del total, y Catalu\u00f1a, con 1.070 v\u00edctimas mortales.<\/p>\n<p style=\"text-align: justify;\">La mortalidad en Madrid es tal que a partir del lunes se habilitar\u00e1 una segunda morgue en una instalaci\u00f3n p\u00fablica hasta ahora inutilizada. Se sumar\u00e1 as\u00ed a la ya instalada en la pista de patinaje de un centro comercial.<\/p>\n<p style=\"text-align: justify;\">Igualmente, el ej\u00e9rcito y las autoridades locales tuvieron que habilitar en Madrid un hospital de campa\u00f1a con capacidad para un m\u00e1ximo de 5.500 camas en Ifema, un enorme pabell\u00f3n de congresos.<\/p>\n<p style=\"text-align: justify;\">Para prevenir la propagaci\u00f3n de la enfermedad, la poblaci\u00f3n espa\u00f1ola cumple este s\u00e1bado dos semanas de confinamiento, que se prolongar\u00e1 al menos hasta el 11 de abril.<br \/>\nFuente: Infobae.com<\/p>\n","protected":false},"excerpt":{"rendered":"<p>El ministerio espa\u00f1ol de Sanidad anunci\u00f3 este s\u00e1bado que 832 personas murieron en las \u00faltimas 24 horas por coronavirus, un nuevo r\u00e9cord diario en el pa\u00eds que eleva el total&hellip; <\/p>\n","protected":false},"author":1,"featured_media":19277,"comment_status":"open","ping_status":"open","sticky":false,"template":"","format":"standard","meta":{"sfsi_plus_gutenberg_text_before_share":"","sfsi_plus_gutenberg_show_text_before_share":"","sfsi_plus_gutenberg_icon_type":"","sfsi_plus_gutenberg_icon_alignemt":"","sfsi_plus_gutenburg_max_per_row":"","footnotes":"","_jetpack_memberships_contains_paid_content":false,"jetpack_publicize_message":"","jetpack_publicize_feature_enabled":true,"jetpack_social_post_already_shared":false,"jetpack_social_options":{"image_generator_settings":{"template":"highway","enabled":false},"version":2}},"categories":[6],"tags":[],"jetpack_publicize_connections":[],"jetpack_sharing_enabled":true,"jetpack_featured_media_url":"https:\/\/agendaparaguay.com\/v2\/wp-content\/uploads\/2020\/03\/coronavirus_muertos_espa\u00f1a.jpg","_links":{"self":[{"href":"https:\/\/agendaparaguay.com\/v2\/wp-json\/wp\/v2\/posts\/19276"}],"collection":[{"href":"https:\/\/agendaparaguay.com\/v2\/wp-json\/wp\/v2\/posts"}],"about":[{"href":"https:\/\/agendaparaguay.com\/v2\/wp-json\/wp\/v2\/types\/post"}],"author":[{"embeddable":true,"href":"https:\/\/agendaparaguay.com\/v2\/wp-json\/wp\/v2\/users\/1"}],"replies":[{"embeddable":true,"href":"https:\/\/agendaparaguay.com\/v2\/wp-json\/wp\/v2\/comments?post=19276"}],"version-history":[{"count":1,"href":"https:\/\/agendaparaguay.com\/v2\/wp-json\/wp\/v2\/posts\/19276\/revisions"}],"predecessor-version":[{"id":19278,"href":"https:\/\/agendaparaguay.com\/v2\/wp-json\/wp\/v2\/posts\/19276\/revisions\/19278"}],"wp:featuredmedia":[{"embeddable":true,"href":"https:\/\/agendaparaguay.com\/v2\/wp-json\/wp\/v2\/media\/19277"}],"wp:attachment":[{"href":"https:\/\/agendaparaguay.com\/v2\/wp-json\/wp\/v2\/media?parent=19276"}],"wp:term":[{"taxonomy":"category","embeddable":true,"href":"https:\/\/agendaparaguay.com\/v2\/wp-json\/wp\/v2\/categories?post=19276"},{"taxonomy":"post_tag","embeddable":true,"href":"https:\/\/agendaparaguay.com\/v2\/wp-json\/wp\/v2\/tags?post=19276"}],"curies":[{"name":"wp","href":"https:\/\/api.w.org\/{rel}","templated":true}]}}