{"id":19317,"date":"2020-03-29T21:40:17","date_gmt":"2020-03-30T01:40:17","guid":{"rendered":"http:\/\/agendaparaguay.com\/v2\/?p=19317"},"modified":"2020-03-29T21:40:17","modified_gmt":"2020-03-30T01:40:17","slug":"argentina-extiende-cuarentena-total-hasta-despues-de-semana-santa","status":"publish","type":"post","link":"https:\/\/agendaparaguay.com\/v2\/2020\/03\/29\/argentina-extiende-cuarentena-total-hasta-despues-de-semana-santa\/","title":{"rendered":"Argentina extiende cuarentena total hasta despu\u00e9s de semana santa"},"content":{"rendered":"<p style=\"text-align: justify;\">\u201cHe tomado la decisi\u00f3n de que vamos a prolongar la cuarentena hasta que termine semana santa\u201d, anunci\u00f3 Alberto Fern\u00e1ndez luego de mantener videoconferencias con los gobernadores. \u201cCon esto vamos a lograr seguir controlando la transmisi\u00f3n del virus\u201d, justific\u00f3.<!--more--><\/p>\n<p style=\"text-align: justify;\">El Presidente explic\u00f3 que de esta forma se lograr\u00e1 tambi\u00e9n que \u201cel ciclo de desarrollo del virus en el cuerpo se cumpla dos veces, as\u00ed vamos a tener datos m\u00e1s claros de c\u00f3mo se incuba la enfermedad\u201d. \u201cEs un largo camino, pero es una guerra contra un ej\u00e9rcito invisible que nos ataca en lugares donde a veces no esperamos\u201d, agreg\u00f3.<\/p>\n<p style=\"text-align: justify;\">Fern\u00e1ndez inst\u00f3 a la sociedad a seguir cumpliendo con la cuarentena: \u201cLos resultados van a ser muy favorables\u201d. La decisi\u00f3n fue tomada tras una jornada en la que se reuni\u00f3 con expertos y con los gobernadores de las distintas provincias. \u201cUn grupo de ocho expertos a los que habitualmente consulto me dieron su opini\u00f3n de c\u00f3mo evolucionaba la cuarentena y su idea de lo que deber\u00edamos hacer\u201d, expres\u00f3 sobre la reuni\u00f3n de esta ma\u00f1ana. \u201cSomos un caso \u00fanico en el mundo\u201d, remarc\u00f3 sobre la decisi\u00f3n de haber puesto \u201cla cuarentena plena apenas se inici\u00f3 la pandemia\u201d.<\/p>\n<p style=\"text-align: justify;\">\u201cLa realidad es que los resultados iniciales son buenos, nos alientan a seguir en este camino. Cuando dispusimos hace 10 d\u00edas el comienzo de la cuarentena obligatoria, nos pregunt\u00e1bamos si los argentinos \u00edbamos a ser capaces de quedarnos en nuestras casas, estoy contento por como nos portamos como sociedad\u201d, destac\u00f3 el mandatario.<\/p>\n<p style=\"text-align: justify;\">Tambi\u00e9n destac\u00f3 la necesidad de \u201catender los barrios m\u00e1s pobres que hay en la Argentina\u201d. \u201cHemos destinado no solamente recursos econ\u00f3micos, sino tambi\u00e9n garantizar la llegada de alimentos, lo vamos a seguir haciendo. A ellos les pido dos cosas: que respeten la cuarentena, porque el riesgo tambi\u00e9n existe all\u00ed, y que cuiden a sus mayores; necesitamos cuidar que no se contagien los abuelos que viven en esos barrios. Est\u00e1 en sus manos poder hacerlo respetando la cuarentena. El Estado va a estar m\u00e1s presente que nunca\u201d, anunci\u00f3.<\/p>\n<p style=\"text-align: justify;\">\u201cEl plan es tal cual lo propusimos al principio: que la curva de contagios sea lenta para que podamos prepararnos y atender todos los casos que se presentan; darnos d\u00edas para ver que toda la capacidad que necesitamos de equipos, vestimenta y capacitaci\u00f3n, estamos aprovechando muy bien el tiempo ganado\u201d.<\/p>\n<p style=\"text-align: justify;\">Durante la tarde, el Presidente habl\u00f3 por teleconferencia con los gobernadores y plante\u00f3 que de los problemas econ\u00f3micos \u201cse puede volver, pero no as\u00ed de las muertes\u201d. Adem\u00e1s, el jefe de Estado le pidi\u00f3 a los gobernadores que sean \u201cmuy firmes\u201d en sus distritos con los empresarios para evitar pr\u00e1cticas especulativas.<\/p>\n<p style=\"text-align: justify;\">Por su parte, los mandatarios provinciales manifestaron su apoyo a las medidas tomadas hasta el momento y vieron con buenos ojos la extensi\u00f3n de la cuarentena para reducir los picos de contagio.<\/p>\n<p style=\"text-align: justify;\">Esta ma\u00f1ana un comit\u00e9 de expertos le recomend\u00f3 \u201cun\u00e1nimemente\u201d la extensi\u00f3n del aislamiento obligatorio, mientras que el ministro de Salud, Gin\u00e9s Gonz\u00e1lez Garc\u00eda, se mostr\u00f3 optimista con las estad\u00edsticas actuales.<\/p>\n<p style=\"text-align: justify;\">\u201cTenemos el orgullo que en el mundo se hable del modelo argentino. Porque no solo hemos comenzado con acciones muy fuerte desde el principio sino porque adem\u00e1s las hemos hecho todas juntas: hemos iniciado antes y con much\u00edsima m\u00e1s intensidad las medidas\u201d, destac\u00f3 Gin\u00e9s.<\/p>\n<p style=\"text-align: justify;\">El objetivo de la Casa Rosada sigue siendo evitar que se aceleren los casos positivos porque de esa manera el sistema sanitario colapsar\u00eda. Pero la problem\u00e1tica social en el coraz\u00f3n del Gran Buenos Aires es otro de los term\u00f3metros que monitorean a diario. La continuidad del aislamiento no genera el mismo efecto en el conurbano que en la Ciudad.<br \/>\nFuente: infobae.com<\/p>\n","protected":false},"excerpt":{"rendered":"<p>\u201cHe tomado la decisi\u00f3n de que vamos a prolongar la cuarentena hasta que termine semana santa\u201d, anunci\u00f3 Alberto Fern\u00e1ndez luego de mantener videoconferencias con los gobernadores. \u201cCon esto vamos a&hellip; <\/p>\n","protected":false},"author":1,"featured_media":16680,"comment_status":"open","ping_status":"open","sticky":false,"template":"","format":"standard","meta":{"sfsi_plus_gutenberg_text_before_share":"","sfsi_plus_gutenberg_show_text_before_share":"","sfsi_plus_gutenberg_icon_type":"","sfsi_plus_gutenberg_icon_alignemt":"","sfsi_plus_gutenburg_max_per_row":"","footnotes":"","_jetpack_memberships_contains_paid_content":false,"jetpack_publicize_message":"","jetpack_publicize_feature_enabled":true,"jetpack_social_post_already_shared":false,"jetpack_social_options":{"image_generator_settings":{"template":"highway","enabled":false},"version":2}},"categories":[6],"tags":[],"jetpack_publicize_connections":[],"jetpack_sharing_enabled":true,"jetpack_featured_media_url":"https:\/\/agendaparaguay.com\/v2\/wp-content\/uploads\/2020\/01\/argentina_alberto_fernandez_1.jpg","_links":{"self":[{"href":"https:\/\/agendaparaguay.com\/v2\/wp-json\/wp\/v2\/posts\/19317"}],"collection":[{"href":"https:\/\/agendaparaguay.com\/v2\/wp-json\/wp\/v2\/posts"}],"about":[{"href":"https:\/\/agendaparaguay.com\/v2\/wp-json\/wp\/v2\/types\/post"}],"author":[{"embeddable":true,"href":"https:\/\/agendaparaguay.com\/v2\/wp-json\/wp\/v2\/users\/1"}],"replies":[{"embeddable":true,"href":"https:\/\/agendaparaguay.com\/v2\/wp-json\/wp\/v2\/comments?post=19317"}],"version-history":[{"count":1,"href":"https:\/\/agendaparaguay.com\/v2\/wp-json\/wp\/v2\/posts\/19317\/revisions"}],"predecessor-version":[{"id":19318,"href":"https:\/\/agendaparaguay.com\/v2\/wp-json\/wp\/v2\/posts\/19317\/revisions\/19318"}],"wp:featuredmedia":[{"embeddable":true,"href":"https:\/\/agendaparaguay.com\/v2\/wp-json\/wp\/v2\/media\/16680"}],"wp:attachment":[{"href":"https:\/\/agendaparaguay.com\/v2\/wp-json\/wp\/v2\/media?parent=19317"}],"wp:term":[{"taxonomy":"category","embeddable":true,"href":"https:\/\/agendaparaguay.com\/v2\/wp-json\/wp\/v2\/categories?post=19317"},{"taxonomy":"post_tag","embeddable":true,"href":"https:\/\/agendaparaguay.com\/v2\/wp-json\/wp\/v2\/tags?post=19317"}],"curies":[{"name":"wp","href":"https:\/\/api.w.org\/{rel}","templated":true}]}}