{"id":19414,"date":"2020-03-31T19:31:46","date_gmt":"2020-03-31T23:31:46","guid":{"rendered":"http:\/\/agendaparaguay.com\/v2\/?p=19414"},"modified":"2020-03-31T19:31:46","modified_gmt":"2020-03-31T23:31:46","slug":"fiscales-se-constituyeron-en-itaipu-binacional-por-amenaza-de-sindicalistas","status":"publish","type":"post","link":"https:\/\/agendaparaguay.com\/v2\/2020\/03\/31\/fiscales-se-constituyeron-en-itaipu-binacional-por-amenaza-de-sindicalistas\/","title":{"rendered":"Fiscales se constituyeron en Itaipu Binacional por amenaza de sindicalistas"},"content":{"rendered":"<p style=\"text-align: justify;\">En el marco de la causa penal abierta ante un posible caso de amenaza de paralizaci\u00f3n de la Hidroel\u00e9ctrica Itaip\u00fa Binacional, difundidos en los medios de comunicaci\u00f3n, tras el anuncio de recortes salariales, los agentes designados por la Fiscal\u00eda General para la investigaci\u00f3n de posible hecho punible, se constituyeron esta tarde a las oficinas del ente.<!--more--><\/p>\n<p style=\"text-align: justify;\">Se trata de los agentes fiscales Silvia Cabrera y Santiago Gonz\u00e1lez Bibolini, quienes realizaron varias diligencias para esclarecer los hechos indagados.<\/p>\n<p style=\"text-align: justify;\">La investigaci\u00f3n preliminarmente es por Coacci\u00f3n y Perturbaci\u00f3n de servicios p\u00fablicos. En ese contexto los Agentes Fiscales solicitaron un informe al Director de Itaip\u00fa sobre la nota, a fin de conocer sobre la misma.<\/p>\n<p style=\"text-align: justify;\">Adem\u00e1s, el Agente Fiscal Santiago Gonz\u00e1lez Bibolini se constituy\u00f3 hoy por espacio de 7 horas en la Itaip\u00fa Binacional a los efectos de recabar informaciones t\u00e9cnicas relacionadas a la investigaci\u00f3n y en ese sentido han brindado declaraci\u00f3n testifical Ernest Bergen Director de Itaip\u00fa lado paraguayo, el Ing. Luis Gilberto Valdez Director T\u00e9cnico de Itaipu, la Dra. Iris Magnolia Mendoza, Directora Jur\u00eddica ejecutiva de Itaipu y Carlos Fabi\u00e1n Dom\u00ednguez Director Financiero.<\/p>\n<p style=\"text-align: justify;\">Estos a su vez remitir\u00e1n informaciones complementarias a su declaraci\u00f3n en el plazo de 24 hs.<\/p>\n<p style=\"text-align: justify;\">Los agentes fiscales se encuentran abocados a esta causa a fin de determinar la existencia o comisi\u00f3n de un hecho punible<\/p>\n","protected":false},"excerpt":{"rendered":"<p>En el marco de la causa penal abierta ante un posible caso de amenaza de paralizaci\u00f3n de la Hidroel\u00e9ctrica Itaip\u00fa Binacional, difundidos en los medios de comunicaci\u00f3n, tras el anuncio&hellip; <\/p>\n","protected":false},"author":1,"featured_media":19415,"comment_status":"open","ping_status":"open","sticky":false,"template":"","format":"standard","meta":{"sfsi_plus_gutenberg_text_before_share":"","sfsi_plus_gutenberg_show_text_before_share":"","sfsi_plus_gutenberg_icon_type":"","sfsi_plus_gutenberg_icon_alignemt":"","sfsi_plus_gutenburg_max_per_row":"","footnotes":"","_jetpack_memberships_contains_paid_content":false,"jetpack_publicize_message":"","jetpack_publicize_feature_enabled":true,"jetpack_social_post_already_shared":false,"jetpack_social_options":{"image_generator_settings":{"template":"highway","enabled":false},"version":2}},"categories":[5],"tags":[],"jetpack_publicize_connections":[],"jetpack_sharing_enabled":true,"jetpack_featured_media_url":"https:\/\/agendaparaguay.com\/v2\/wp-content\/uploads\/2020\/03\/fiscales_itaipu_descuentos.jpeg","_links":{"self":[{"href":"https:\/\/agendaparaguay.com\/v2\/wp-json\/wp\/v2\/posts\/19414"}],"collection":[{"href":"https:\/\/agendaparaguay.com\/v2\/wp-json\/wp\/v2\/posts"}],"about":[{"href":"https:\/\/agendaparaguay.com\/v2\/wp-json\/wp\/v2\/types\/post"}],"author":[{"embeddable":true,"href":"https:\/\/agendaparaguay.com\/v2\/wp-json\/wp\/v2\/users\/1"}],"replies":[{"embeddable":true,"href":"https:\/\/agendaparaguay.com\/v2\/wp-json\/wp\/v2\/comments?post=19414"}],"version-history":[{"count":1,"href":"https:\/\/agendaparaguay.com\/v2\/wp-json\/wp\/v2\/posts\/19414\/revisions"}],"predecessor-version":[{"id":19416,"href":"https:\/\/agendaparaguay.com\/v2\/wp-json\/wp\/v2\/posts\/19414\/revisions\/19416"}],"wp:featuredmedia":[{"embeddable":true,"href":"https:\/\/agendaparaguay.com\/v2\/wp-json\/wp\/v2\/media\/19415"}],"wp:attachment":[{"href":"https:\/\/agendaparaguay.com\/v2\/wp-json\/wp\/v2\/media?parent=19414"}],"wp:term":[{"taxonomy":"category","embeddable":true,"href":"https:\/\/agendaparaguay.com\/v2\/wp-json\/wp\/v2\/categories?post=19414"},{"taxonomy":"post_tag","embeddable":true,"href":"https:\/\/agendaparaguay.com\/v2\/wp-json\/wp\/v2\/tags?post=19414"}],"curies":[{"name":"wp","href":"https:\/\/api.w.org\/{rel}","templated":true}]}}