{"id":19449,"date":"2020-04-01T17:36:34","date_gmt":"2020-04-01T21:36:34","guid":{"rendered":"http:\/\/agendaparaguay.com\/v2\/?p=19449"},"modified":"2020-04-01T17:36:34","modified_gmt":"2020-04-01T21:36:34","slug":"diputados-ya-designo-representantes-para-el-control-del-uso-de-fondos-de-emergencia","status":"publish","type":"post","link":"https:\/\/agendaparaguay.com\/v2\/2020\/04\/01\/diputados-ya-designo-representantes-para-el-control-del-uso-de-fondos-de-emergencia\/","title":{"rendered":"Diputados ya designo representantes para el control del uso de fondos de Emergencia"},"content":{"rendered":"<p style=\"text-align: justify;\">Se trata de la Comisi\u00f3n Bicameral del Congreso de car\u00e1cter transitorio, conformado a los efectos de velar por el control parmente de recursos previstos en la Ley, que declara Estado de Emergencia en todo el territorio de la rep\u00fablica del Paraguay.<!--more--><\/p>\n<p style=\"text-align: justify;\">Fueron designados como representantes de la c\u00e1mara de diputados, los legisladores Roque Sarubi, Hernan Rivas, Juan Carlos Galaverna (h), Edgar Acosta y Julio enrique Mineur.<\/p>\n<p style=\"text-align: justify;\">Cabe destacar, que el Senador design\u00f3 como representantes para integrar esta comisi\u00f3n bicameral a los senadores Martin Arevalo, Antonio Barrios, Hermelinda Alvarenga, Amado Florent\u00edn. Esperanza Mart\u00ednez y Stephan Rasmussen.<\/p>\n","protected":false},"excerpt":{"rendered":"<p>Se trata de la Comisi\u00f3n Bicameral del Congreso de car\u00e1cter transitorio, conformado a los efectos de velar por el control parmente de recursos previstos en la Ley, que declara Estado&hellip; <\/p>\n","protected":false},"author":1,"featured_media":10373,"comment_status":"open","ping_status":"open","sticky":false,"template":"","format":"standard","meta":{"sfsi_plus_gutenberg_text_before_share":"","sfsi_plus_gutenberg_show_text_before_share":"","sfsi_plus_gutenberg_icon_type":"","sfsi_plus_gutenberg_icon_alignemt":"","sfsi_plus_gutenburg_max_per_row":"","footnotes":"","_jetpack_memberships_contains_paid_content":false,"jetpack_publicize_message":"","jetpack_publicize_feature_enabled":true,"jetpack_social_post_already_shared":false,"jetpack_social_options":{"image_generator_settings":{"template":"highway","enabled":false},"version":2}},"categories":[4],"tags":[],"jetpack_publicize_connections":[],"jetpack_sharing_enabled":true,"jetpack_featured_media_url":"https:\/\/agendaparaguay.com\/v2\/wp-content\/uploads\/2019\/07\/diputados_pleno.jpg","_links":{"self":[{"href":"https:\/\/agendaparaguay.com\/v2\/wp-json\/wp\/v2\/posts\/19449"}],"collection":[{"href":"https:\/\/agendaparaguay.com\/v2\/wp-json\/wp\/v2\/posts"}],"about":[{"href":"https:\/\/agendaparaguay.com\/v2\/wp-json\/wp\/v2\/types\/post"}],"author":[{"embeddable":true,"href":"https:\/\/agendaparaguay.com\/v2\/wp-json\/wp\/v2\/users\/1"}],"replies":[{"embeddable":true,"href":"https:\/\/agendaparaguay.com\/v2\/wp-json\/wp\/v2\/comments?post=19449"}],"version-history":[{"count":1,"href":"https:\/\/agendaparaguay.com\/v2\/wp-json\/wp\/v2\/posts\/19449\/revisions"}],"predecessor-version":[{"id":19450,"href":"https:\/\/agendaparaguay.com\/v2\/wp-json\/wp\/v2\/posts\/19449\/revisions\/19450"}],"wp:featuredmedia":[{"embeddable":true,"href":"https:\/\/agendaparaguay.com\/v2\/wp-json\/wp\/v2\/media\/10373"}],"wp:attachment":[{"href":"https:\/\/agendaparaguay.com\/v2\/wp-json\/wp\/v2\/media?parent=19449"}],"wp:term":[{"taxonomy":"category","embeddable":true,"href":"https:\/\/agendaparaguay.com\/v2\/wp-json\/wp\/v2\/categories?post=19449"},{"taxonomy":"post_tag","embeddable":true,"href":"https:\/\/agendaparaguay.com\/v2\/wp-json\/wp\/v2\/tags?post=19449"}],"curies":[{"name":"wp","href":"https:\/\/api.w.org\/{rel}","templated":true}]}}