{"id":19471,"date":"2020-04-02T09:30:15","date_gmt":"2020-04-02T13:30:15","guid":{"rendered":"http:\/\/agendaparaguay.com\/v2\/?p=19471"},"modified":"2020-04-02T09:19:28","modified_gmt":"2020-04-02T13:19:28","slug":"senador-no-descarta-nueva-sesion-del-senado-para-tratar-recortes-para-el-proximo-lunes","status":"publish","type":"post","link":"https:\/\/agendaparaguay.com\/v2\/2020\/04\/02\/senador-no-descarta-nueva-sesion-del-senado-para-tratar-recortes-para-el-proximo-lunes\/","title":{"rendered":"Senador no descarta nueva sesi\u00f3n del Senado para tratar recortes para el pr\u00f3ximo lunes"},"content":{"rendered":"<p style=\"text-align: justify;\">El senador del Frente Guas\u00fa, Jorge Querey dijo a Radio Cardinal que se baraja la posibilidad de plantear las pr\u00f3ximas horas un nuevo pedido de sesi\u00f3n extraordinaria, a fin de analizar todos los proyector de leyes que hacen a la reforma del estado, principalmente en lo que hace a los recortes de los gastos superfluos.<!--more--><\/p>\n<p style=\"text-align: justify;\">El legislador explic\u00f3 que en la v\u00edspera tomaron conocimiento que exist\u00edan al menos unos 8 proyectos que apuntan a lo mismo, y que ni siquiera tuvieron tiempo de leer y menos de analizar los alcances de cada uno.<\/p>\n<p style=\"text-align: justify;\">Indic\u00f3 que el \u00fanico proyecto que conoc\u00edan a profundidad es el del senador Sergio Godoy, adem\u00e1s del documento propuesto por su bancada. Dijo que el Frente Guasu elabor\u00f3 un proyecto integral de reforma de Estado, pero que contempla cambios fuertes en materia de recortes y nueva pol\u00edtica tributaria.<\/p>\n<p style=\"text-align: justify;\">Dijo finalmente que este es el momento de hacer la reestructuraci\u00f3n total. Incluso mencion\u00f3 la posibilidad de verificar la existencia y el funcionamiento de algunos ministerios.<\/p>\n","protected":false},"excerpt":{"rendered":"<p>El senador del Frente Guas\u00fa, Jorge Querey dijo a Radio Cardinal que se baraja la posibilidad de plantear las pr\u00f3ximas horas un nuevo pedido de sesi\u00f3n extraordinaria, a fin de&hellip; <\/p>\n","protected":false},"author":1,"featured_media":18515,"comment_status":"open","ping_status":"open","sticky":false,"template":"","format":"standard","meta":{"sfsi_plus_gutenberg_text_before_share":"","sfsi_plus_gutenberg_show_text_before_share":"","sfsi_plus_gutenberg_icon_type":"","sfsi_plus_gutenberg_icon_alignemt":"","sfsi_plus_gutenburg_max_per_row":"","footnotes":"","_jetpack_memberships_contains_paid_content":false,"jetpack_publicize_message":"","jetpack_publicize_feature_enabled":true,"jetpack_social_post_already_shared":false,"jetpack_social_options":{"image_generator_settings":{"template":"highway","enabled":false},"version":2}},"categories":[3],"tags":[],"jetpack_publicize_connections":[],"jetpack_sharing_enabled":true,"jetpack_featured_media_url":"https:\/\/agendaparaguay.com\/v2\/wp-content\/uploads\/2020\/03\/sen_jorge_querey_0320.jpeg","_links":{"self":[{"href":"https:\/\/agendaparaguay.com\/v2\/wp-json\/wp\/v2\/posts\/19471"}],"collection":[{"href":"https:\/\/agendaparaguay.com\/v2\/wp-json\/wp\/v2\/posts"}],"about":[{"href":"https:\/\/agendaparaguay.com\/v2\/wp-json\/wp\/v2\/types\/post"}],"author":[{"embeddable":true,"href":"https:\/\/agendaparaguay.com\/v2\/wp-json\/wp\/v2\/users\/1"}],"replies":[{"embeddable":true,"href":"https:\/\/agendaparaguay.com\/v2\/wp-json\/wp\/v2\/comments?post=19471"}],"version-history":[{"count":1,"href":"https:\/\/agendaparaguay.com\/v2\/wp-json\/wp\/v2\/posts\/19471\/revisions"}],"predecessor-version":[{"id":19472,"href":"https:\/\/agendaparaguay.com\/v2\/wp-json\/wp\/v2\/posts\/19471\/revisions\/19472"}],"wp:featuredmedia":[{"embeddable":true,"href":"https:\/\/agendaparaguay.com\/v2\/wp-json\/wp\/v2\/media\/18515"}],"wp:attachment":[{"href":"https:\/\/agendaparaguay.com\/v2\/wp-json\/wp\/v2\/media?parent=19471"}],"wp:term":[{"taxonomy":"category","embeddable":true,"href":"https:\/\/agendaparaguay.com\/v2\/wp-json\/wp\/v2\/categories?post=19471"},{"taxonomy":"post_tag","embeddable":true,"href":"https:\/\/agendaparaguay.com\/v2\/wp-json\/wp\/v2\/tags?post=19471"}],"curies":[{"name":"wp","href":"https:\/\/api.w.org\/{rel}","templated":true}]}}