{"id":19523,"date":"2020-04-03T09:21:33","date_gmt":"2020-04-03T13:21:33","guid":{"rendered":"http:\/\/agendaparaguay.com\/v2\/?p=19523"},"modified":"2020-04-03T09:49:48","modified_gmt":"2020-04-03T13:49:48","slug":"senadora-presento-sintomas-el-ultimo-dia-de-la-cuarentena-y-se-tomo-la-muestra-segun-ministro","status":"publish","type":"post","link":"https:\/\/agendaparaguay.com\/v2\/2020\/04\/03\/senadora-presento-sintomas-el-ultimo-dia-de-la-cuarentena-y-se-tomo-la-muestra-segun-ministro\/","title":{"rendered":"Senadora present\u00f3 s\u00edntomas el \u00faltimo d\u00eda de la cuarentena y  se tom\u00f3 la muestra, seg\u00fan ministro"},"content":{"rendered":"<p style=\"text-align: justify;\">El Ministro de Salud P\u00fablica, Julio Mazzoleni confirm\u00f3 que la legisladora Mar\u00eda Eugenia Bajac present\u00f3 s\u00edntomas el \u00faltimo d\u00eda de su cuarentena, tras su retorno de Per\u00fa, por lo que concurri\u00f3 al servicio de Salud para la consulta y personal de vigilancia de la salud recomend\u00f3 tomar las muestras para someter a estudios.<!--more--><\/p>\n<p style=\"text-align: justify;\">Es decir, la legisladora estaba al tanto que pod\u00eda ser portadora del Coronavirus, ya que aguardaba los resultados laboratoriales de la muestra que le fue extra\u00edda, y pese a esa situaci\u00f3n concurri\u00f3 a la sesi\u00f3n del Senado, incluso, sin tapabocas.<\/p>\n<p style=\"text-align: justify;\">\u00abLa persona afectada estaba en aislamiento y seguimiento, el \u00faltimo d\u00eda de su cuarentena es contactada y en la evaluaci\u00f3n, la misma presenta s\u00edntomas, y la Direcci\u00f3n de Vigilancia de la Salud recomienda la toma de la muestra. Cuando confirmamos que es positivo comunicamos al presidente del Congreso para tome las medidas sanitarias\u00bb, expres\u00f3 el ministro Julio Mazzoleni..<\/p>\n<p style=\"text-align: justify;\">Sobre si es correcto que el presidente del Congreso Blas Llano haya informado a la ciudadan\u00eda sobre un caso positivo de la enfermedad, Mazzoleni dijo que es \u00abrespetuoso de los canales que determinan las m\u00e1ximas autoridades de las instituciones, lo m\u00e1s importante que se tomen las medidas\u00bb, acot\u00f3.<\/p>\n<p style=\"text-align: justify;\">Se puede concluir que la senadora afectada estaba en conocimiento que se le tom\u00f3 muestras ante la aparici\u00f3n de s\u00edntomas, por lo que se puede deducir que es \u201caltamente irresponsable\u201d de su parte haber concurrido a la sesi\u00f3n del Senado y sin tapabocas, poniendo en riesgo todos los que estuvieron en el edificio legislativo y las personas con quienes entr\u00f3 en contacto.<\/p>\n<p>Dijo que de momento se recomienda que todas las personas que entraron en contacto con la parlamentaria deban cumplir con la cuarentena.<\/p>\n<p>&nbsp;<\/p>\n","protected":false},"excerpt":{"rendered":"<p>El Ministro de Salud P\u00fablica, Julio Mazzoleni confirm\u00f3 que la legisladora Mar\u00eda Eugenia Bajac present\u00f3 s\u00edntomas el \u00faltimo d\u00eda de su cuarentena, tras su retorno de Per\u00fa, por lo que&hellip; <\/p>\n","protected":false},"author":1,"featured_media":19424,"comment_status":"open","ping_status":"open","sticky":false,"template":"","format":"standard","meta":{"sfsi_plus_gutenberg_text_before_share":"","sfsi_plus_gutenberg_show_text_before_share":"","sfsi_plus_gutenberg_icon_type":"","sfsi_plus_gutenberg_icon_alignemt":"","sfsi_plus_gutenburg_max_per_row":"","footnotes":"","_jetpack_memberships_contains_paid_content":false,"jetpack_publicize_message":"","jetpack_publicize_feature_enabled":true,"jetpack_social_post_already_shared":false,"jetpack_social_options":{"image_generator_settings":{"template":"highway","enabled":false},"version":2}},"categories":[5],"tags":[],"jetpack_publicize_connections":[],"jetpack_sharing_enabled":true,"jetpack_featured_media_url":"https:\/\/agendaparaguay.com\/v2\/wp-content\/uploads\/2020\/03\/ministro_julio_mazzoleni_1.jpeg","_links":{"self":[{"href":"https:\/\/agendaparaguay.com\/v2\/wp-json\/wp\/v2\/posts\/19523"}],"collection":[{"href":"https:\/\/agendaparaguay.com\/v2\/wp-json\/wp\/v2\/posts"}],"about":[{"href":"https:\/\/agendaparaguay.com\/v2\/wp-json\/wp\/v2\/types\/post"}],"author":[{"embeddable":true,"href":"https:\/\/agendaparaguay.com\/v2\/wp-json\/wp\/v2\/users\/1"}],"replies":[{"embeddable":true,"href":"https:\/\/agendaparaguay.com\/v2\/wp-json\/wp\/v2\/comments?post=19523"}],"version-history":[{"count":3,"href":"https:\/\/agendaparaguay.com\/v2\/wp-json\/wp\/v2\/posts\/19523\/revisions"}],"predecessor-version":[{"id":19526,"href":"https:\/\/agendaparaguay.com\/v2\/wp-json\/wp\/v2\/posts\/19523\/revisions\/19526"}],"wp:featuredmedia":[{"embeddable":true,"href":"https:\/\/agendaparaguay.com\/v2\/wp-json\/wp\/v2\/media\/19424"}],"wp:attachment":[{"href":"https:\/\/agendaparaguay.com\/v2\/wp-json\/wp\/v2\/media?parent=19523"}],"wp:term":[{"taxonomy":"category","embeddable":true,"href":"https:\/\/agendaparaguay.com\/v2\/wp-json\/wp\/v2\/categories?post=19523"},{"taxonomy":"post_tag","embeddable":true,"href":"https:\/\/agendaparaguay.com\/v2\/wp-json\/wp\/v2\/tags?post=19523"}],"curies":[{"name":"wp","href":"https:\/\/api.w.org\/{rel}","templated":true}]}}