{"id":19818,"date":"2020-04-13T15:40:06","date_gmt":"2020-04-13T19:40:06","guid":{"rendered":"http:\/\/agendaparaguay.com\/v2\/?p=19818"},"modified":"2020-04-13T14:15:50","modified_gmt":"2020-04-13T18:15:50","slug":"acevedo-descarta-que-gobierno-se-haya-relajado-en-controles","status":"publish","type":"post","link":"https:\/\/agendaparaguay.com\/v2\/2020\/04\/13\/acevedo-descarta-que-gobierno-se-haya-relajado-en-controles\/","title":{"rendered":"Acevedo descarta que Gobierno se haya \u201crelajado\u201d en controles"},"content":{"rendered":"<p style=\"text-align: justify;\">\u201cEl Gobierno Nacional no cede ning\u00fan relajamiento de la cuarentena sanitaria, sino al contrario, hay mayor rigidez en las medidas impuestas para mitigar la expansi\u00f3n del coronavirus (COVID-19)\u201d, expres\u00f3 en conferencia de prensa el ministro del Interior, Euclides Acevedo.<!--more--><\/p>\n<p>Como ejemplo, cit\u00f3 la obligatoriedad del uso de tapabocas y mascarillas en supermercados y transporte p\u00fablico de pasajeros, el estricto control vehicular y la presencia en las calles de efectivos de la Polic\u00eda Nacional, Fuerzas Militares y Ministerio P\u00fablico.<\/p>\n<p style=\"text-align: justify;\">Sostuvo que obviamente hay un &#8216;bal\u00f3n de ox\u00edgeno&#8217; para una parte importante del sector productivo de la Rep\u00fablica, \u00abporque la econom\u00eda no es adversaria de la pol\u00edtica de salud p\u00fablica, son complementarios, son hermanos siameses, eso quiere decir que la construcci\u00f3n -que es el rubro que tiene un peque\u00f1o ox\u00edgeno- est\u00e1 cumpliendo estrictamente el c\u00f3digo sanitario\u00bb, seg\u00fan precis\u00f3.<\/p>\n<p style=\"text-align: justify;\">Record\u00f3 que el ministro de Obras P\u00fablicas y Comunicaciones (MOPC), Arnoldo Wiens, hab\u00eda explicado con mucha claridad las obras que se est\u00e1n ejecutando.<\/p>\n<p style=\"text-align: justify;\">En este sentido, el ministro Euclides Acevedo reflexion\u00f3 que las obras civiles, las p\u00fablicas y las privadas son importantes para lo que los economistas llaman la capilarizaci\u00f3n del dinero, en una forma de que el dinero llegue a los m\u00e1s necesitados.<\/p>\n<p style=\"text-align: justify;\">\u00abEste es un Estado social de derecho y el Gobierno tambi\u00e9n tiene que dar una cuota de credibilidad a la responsabilidad ciudadana\u00bb, sostuvo el ministro del Interior.<\/p>\n<p style=\"text-align: justify;\">Subray\u00f3 que el hecho de que tengamos nuestro sistema hospitalario a\u00fan no repleto ni rebosado quiere decir que se est\u00e1n haciendo bien las cosas. \u00abCon m\u00e1s raz\u00f3n tenemos que ser estrictos y tenemos que ser escrupulosos en el cumplimiento de la pol\u00edtica de salud p\u00fablica. No nos olvidemos que estamos en crisis, estamos en estado de guerra y en el estado de guerra la gente hace concesiones que esperemos sean voluntarias, no coercitivas\u00bb, se\u00f1al\u00f3.<\/p>\n<p style=\"text-align: justify;\">Reiter\u00f3 que lo que se busca no es el sometimiento de la sociedad, sino el compromiso por la v\u00eda del conocimiento compartido.<br \/>\n\u00abAl ver la televisi\u00f3n o acceder a informaciones del exterior nos estamos dando cuenta de las consecuencias de la imprevisi\u00f3n, de las consecuencias de la no creencia en la magnitud del drama, por eso hacemos un llamado a la conciencia de la ciudadan\u00eda\u00bb, acot\u00f3 el ministro Euclides Acevedo.<\/p>\n","protected":false},"excerpt":{"rendered":"<p>\u201cEl Gobierno Nacional no cede ning\u00fan relajamiento de la cuarentena sanitaria, sino al contrario, hay mayor rigidez en las medidas impuestas para mitigar la expansi\u00f3n del coronavirus (COVID-19)\u201d, expres\u00f3 en&hellip; <\/p>\n","protected":false},"author":1,"featured_media":19468,"comment_status":"open","ping_status":"open","sticky":false,"template":"","format":"standard","meta":{"sfsi_plus_gutenberg_text_before_share":"","sfsi_plus_gutenberg_show_text_before_share":"","sfsi_plus_gutenberg_icon_type":"","sfsi_plus_gutenberg_icon_alignemt":"","sfsi_plus_gutenburg_max_per_row":"","footnotes":"","_jetpack_memberships_contains_paid_content":false,"jetpack_publicize_message":"","jetpack_publicize_feature_enabled":true,"jetpack_social_post_already_shared":false,"jetpack_social_options":{"image_generator_settings":{"template":"highway","enabled":false},"version":2}},"categories":[5],"tags":[],"jetpack_publicize_connections":[],"jetpack_sharing_enabled":true,"jetpack_featured_media_url":"https:\/\/agendaparaguay.com\/v2\/wp-content\/uploads\/2020\/04\/coronavirus_control_2.jpeg","_links":{"self":[{"href":"https:\/\/agendaparaguay.com\/v2\/wp-json\/wp\/v2\/posts\/19818"}],"collection":[{"href":"https:\/\/agendaparaguay.com\/v2\/wp-json\/wp\/v2\/posts"}],"about":[{"href":"https:\/\/agendaparaguay.com\/v2\/wp-json\/wp\/v2\/types\/post"}],"author":[{"embeddable":true,"href":"https:\/\/agendaparaguay.com\/v2\/wp-json\/wp\/v2\/users\/1"}],"replies":[{"embeddable":true,"href":"https:\/\/agendaparaguay.com\/v2\/wp-json\/wp\/v2\/comments?post=19818"}],"version-history":[{"count":1,"href":"https:\/\/agendaparaguay.com\/v2\/wp-json\/wp\/v2\/posts\/19818\/revisions"}],"predecessor-version":[{"id":19819,"href":"https:\/\/agendaparaguay.com\/v2\/wp-json\/wp\/v2\/posts\/19818\/revisions\/19819"}],"wp:featuredmedia":[{"embeddable":true,"href":"https:\/\/agendaparaguay.com\/v2\/wp-json\/wp\/v2\/media\/19468"}],"wp:attachment":[{"href":"https:\/\/agendaparaguay.com\/v2\/wp-json\/wp\/v2\/media?parent=19818"}],"wp:term":[{"taxonomy":"category","embeddable":true,"href":"https:\/\/agendaparaguay.com\/v2\/wp-json\/wp\/v2\/categories?post=19818"},{"taxonomy":"post_tag","embeddable":true,"href":"https:\/\/agendaparaguay.com\/v2\/wp-json\/wp\/v2\/tags?post=19818"}],"curies":[{"name":"wp","href":"https:\/\/api.w.org\/{rel}","templated":true}]}}