{"id":19834,"date":"2020-04-13T22:18:57","date_gmt":"2020-04-14T02:18:57","guid":{"rendered":"http:\/\/agendaparaguay.com\/v2\/?p=19834"},"modified":"2020-04-13T22:18:57","modified_gmt":"2020-04-14T02:18:57","slug":"presidente-abdo-ordena-volver-a-la-cuarentena-mas-estricta","status":"publish","type":"post","link":"https:\/\/agendaparaguay.com\/v2\/2020\/04\/13\/presidente-abdo-ordena-volver-a-la-cuarentena-mas-estricta\/","title":{"rendered":"Presidente Abdo ordena volver a la cuarentena m\u00e1s estricta."},"content":{"rendered":"<p style=\"text-align: justify;\">La presidencia de la rep\u00fablica Mario Abdo Ben\u00edtez anunci\u00f3 esta noche que \u00abtras presentarse retrasos en la llegada de equipos de bioseguridad para personal de blanco, se volver\u00e1 al antiguo decreto que establec\u00eda restricciones m\u00e1s amplias de cuarentena total, con muy limitadas excepciones\u00bb.<!--more--><\/p>\n<p style=\"text-align: justify;\">La decisi\u00f3n fue tomada conjuntamente con el Ministerio de Salud P\u00fablica. Con esta decisi\u00f3n, queda sin efecto a partir del mi\u00e9rcoles, algunas excepciones ampliadas desde este semana, como ser la reactivaci\u00f3n del sector de la construcci\u00f3n.<\/p>\n<p style=\"text-align: justify;\">El anuncio fue hecho por el mandatario al abandonar el Palacio de gobierno. Abdo, resalt\u00f3 que no lleg\u00f3 el cargamento de insumos que esperaban y que esta situaci\u00f3n les impuls\u00f3 a tomar la decisi\u00f3n de volver a las restricciones anteriormente establecidas.<\/p>\n","protected":false},"excerpt":{"rendered":"<p>La presidencia de la rep\u00fablica Mario Abdo Ben\u00edtez anunci\u00f3 esta noche que \u00abtras presentarse retrasos en la llegada de equipos de bioseguridad para personal de blanco, se volver\u00e1 al antiguo&hellip; <\/p>\n","protected":false},"author":1,"featured_media":19835,"comment_status":"open","ping_status":"open","sticky":false,"template":"","format":"standard","meta":{"sfsi_plus_gutenberg_text_before_share":"","sfsi_plus_gutenberg_show_text_before_share":"","sfsi_plus_gutenberg_icon_type":"","sfsi_plus_gutenberg_icon_alignemt":"","sfsi_plus_gutenburg_max_per_row":"","footnotes":"","_jetpack_memberships_contains_paid_content":false,"jetpack_publicize_message":"","jetpack_publicize_feature_enabled":true,"jetpack_social_post_already_shared":false,"jetpack_social_options":{"image_generator_settings":{"template":"highway","enabled":false},"version":2}},"categories":[5],"tags":[],"jetpack_publicize_connections":[],"jetpack_sharing_enabled":true,"jetpack_featured_media_url":"https:\/\/agendaparaguay.com\/v2\/wp-content\/uploads\/2020\/04\/marito_abdo_con_tapabocas.jpeg","_links":{"self":[{"href":"https:\/\/agendaparaguay.com\/v2\/wp-json\/wp\/v2\/posts\/19834"}],"collection":[{"href":"https:\/\/agendaparaguay.com\/v2\/wp-json\/wp\/v2\/posts"}],"about":[{"href":"https:\/\/agendaparaguay.com\/v2\/wp-json\/wp\/v2\/types\/post"}],"author":[{"embeddable":true,"href":"https:\/\/agendaparaguay.com\/v2\/wp-json\/wp\/v2\/users\/1"}],"replies":[{"embeddable":true,"href":"https:\/\/agendaparaguay.com\/v2\/wp-json\/wp\/v2\/comments?post=19834"}],"version-history":[{"count":1,"href":"https:\/\/agendaparaguay.com\/v2\/wp-json\/wp\/v2\/posts\/19834\/revisions"}],"predecessor-version":[{"id":19836,"href":"https:\/\/agendaparaguay.com\/v2\/wp-json\/wp\/v2\/posts\/19834\/revisions\/19836"}],"wp:featuredmedia":[{"embeddable":true,"href":"https:\/\/agendaparaguay.com\/v2\/wp-json\/wp\/v2\/media\/19835"}],"wp:attachment":[{"href":"https:\/\/agendaparaguay.com\/v2\/wp-json\/wp\/v2\/media?parent=19834"}],"wp:term":[{"taxonomy":"category","embeddable":true,"href":"https:\/\/agendaparaguay.com\/v2\/wp-json\/wp\/v2\/categories?post=19834"},{"taxonomy":"post_tag","embeddable":true,"href":"https:\/\/agendaparaguay.com\/v2\/wp-json\/wp\/v2\/tags?post=19834"}],"curies":[{"name":"wp","href":"https:\/\/api.w.org\/{rel}","templated":true}]}}