{"id":19840,"date":"2020-04-14T09:13:21","date_gmt":"2020-04-14T13:13:21","guid":{"rendered":"http:\/\/agendaparaguay.com\/v2\/?p=19840"},"modified":"2020-04-14T09:13:21","modified_gmt":"2020-04-14T13:13:21","slug":"senadores-tratan-hoy-la-perdida-de-investidura-de-maria-eugenia-bajac","status":"publish","type":"post","link":"https:\/\/agendaparaguay.com\/v2\/2020\/04\/14\/senadores-tratan-hoy-la-perdida-de-investidura-de-maria-eugenia-bajac\/","title":{"rendered":"Senadores tratan hoy la p\u00e9rdida de investidura de Mar\u00eda Eugenia Bajac"},"content":{"rendered":"<p style=\"text-align: justify;\">En minutos, el pleno de la C\u00e1mara de Senadores inicia la sesi\u00f3n extraordinaria para tratar, como primer punto del orden del d\u00eda, el desafuero de la senadora Mar\u00eda Eugenia Bajac, solicitado por la jueza Lici Teresita S\u00e1nchez, en el marco de la imputaci\u00f3n por Violaci\u00f3n de Cuarentena Sanitaria y tentativa de Lesi\u00f3n Grave.<!--more--><\/p>\n<p style=\"text-align: justify;\">Posteriormente, en el segundo punto, los parlamentarios analizar\u00e1n la p\u00e9rdida de investidura de la senadora Bajac, quien concurri\u00f3 al senado el pasado 1 de abril, luego de que le tomaran muestras de posible COVID19 y diera posteriormente positivo.<\/p>\n<p style=\"text-align: justify;\">En este marco, un grupo de senadores pidieron su P\u00e9rdida de Investidura, por uso indebido de influencias.<\/p>\n<p style=\"text-align: justify;\">En principio, se menciona que habr\u00eda votos para la expulsi\u00f3n de Mar\u00eda Eugenia Bajac de la C\u00e1mara a de Senadores.<\/p>\n","protected":false},"excerpt":{"rendered":"<p>En minutos, el pleno de la C\u00e1mara de Senadores inicia la sesi\u00f3n extraordinaria para tratar, como primer punto del orden del d\u00eda, el desafuero de la senadora Mar\u00eda Eugenia Bajac,&hellip; <\/p>\n","protected":false},"author":1,"featured_media":19515,"comment_status":"open","ping_status":"open","sticky":false,"template":"","format":"standard","meta":{"sfsi_plus_gutenberg_text_before_share":"","sfsi_plus_gutenberg_show_text_before_share":"","sfsi_plus_gutenberg_icon_type":"","sfsi_plus_gutenberg_icon_alignemt":"","sfsi_plus_gutenburg_max_per_row":"","footnotes":"","_jetpack_memberships_contains_paid_content":false,"jetpack_publicize_message":"","jetpack_publicize_feature_enabled":true,"jetpack_social_post_already_shared":false,"jetpack_social_options":{"image_generator_settings":{"template":"highway","enabled":false},"version":2}},"categories":[3],"tags":[],"jetpack_publicize_connections":[],"jetpack_sharing_enabled":true,"jetpack_featured_media_url":"https:\/\/agendaparaguay.com\/v2\/wp-content\/uploads\/2020\/04\/sen_maria_eugenia_bajac_1.jpeg","_links":{"self":[{"href":"https:\/\/agendaparaguay.com\/v2\/wp-json\/wp\/v2\/posts\/19840"}],"collection":[{"href":"https:\/\/agendaparaguay.com\/v2\/wp-json\/wp\/v2\/posts"}],"about":[{"href":"https:\/\/agendaparaguay.com\/v2\/wp-json\/wp\/v2\/types\/post"}],"author":[{"embeddable":true,"href":"https:\/\/agendaparaguay.com\/v2\/wp-json\/wp\/v2\/users\/1"}],"replies":[{"embeddable":true,"href":"https:\/\/agendaparaguay.com\/v2\/wp-json\/wp\/v2\/comments?post=19840"}],"version-history":[{"count":1,"href":"https:\/\/agendaparaguay.com\/v2\/wp-json\/wp\/v2\/posts\/19840\/revisions"}],"predecessor-version":[{"id":19841,"href":"https:\/\/agendaparaguay.com\/v2\/wp-json\/wp\/v2\/posts\/19840\/revisions\/19841"}],"wp:featuredmedia":[{"embeddable":true,"href":"https:\/\/agendaparaguay.com\/v2\/wp-json\/wp\/v2\/media\/19515"}],"wp:attachment":[{"href":"https:\/\/agendaparaguay.com\/v2\/wp-json\/wp\/v2\/media?parent=19840"}],"wp:term":[{"taxonomy":"category","embeddable":true,"href":"https:\/\/agendaparaguay.com\/v2\/wp-json\/wp\/v2\/categories?post=19840"},{"taxonomy":"post_tag","embeddable":true,"href":"https:\/\/agendaparaguay.com\/v2\/wp-json\/wp\/v2\/tags?post=19840"}],"curies":[{"name":"wp","href":"https:\/\/api.w.org\/{rel}","templated":true}]}}