{"id":19960,"date":"2020-04-17T18:27:51","date_gmt":"2020-04-17T22:27:51","guid":{"rendered":"http:\/\/agendaparaguay.com\/v2\/?p=19960"},"modified":"2020-04-17T18:28:07","modified_gmt":"2020-04-17T22:28:07","slug":"ordenan-cierre-de-albergue-transitorio-en-el-puente-de-la-amistad","status":"publish","type":"post","link":"https:\/\/agendaparaguay.com\/v2\/2020\/04\/17\/ordenan-cierre-de-albergue-transitorio-en-el-puente-de-la-amistad\/","title":{"rendered":"Ordenan cierre de albergue transitorio en el Puente de la Amistad"},"content":{"rendered":"<p style=\"text-align: justify;\">El cierre del albergue transitorio ubicado en la zona primaria del Puente de la Amistad fue ordenado por el Centro de Coordinaci\u00f3n Interninstitucional de Apoyo al Ministerio de Salud P\u00fablica, seg\u00fan confirmaron en la tarde de este viernes.<!--more--><\/p>\n<p style=\"text-align: justify;\">El informe se\u00f1ala que no est\u00e1n dadas las condiciones para continuar permitiendo el ingreso de connacionales, al menos, no hay posibilidad hasta nuevo aviso.<\/p>\n<p style=\"text-align: justify;\">Cabe destacar que en la v\u00edspera se procedi\u00f3 a recibir unos 171 connacionales, quienes apenas ingresaron ya fueron llevados para cumplir la cuarentena sanitaria obligatoria.<\/p>\n<p style=\"text-align: justify;\">El Consejo Nacional de Defensa confirm\u00f3 hoy, comunicado mediante, que al menos nueve personas que se encontraban en un albergue dieron positivo al COVID-19.<\/p>\n","protected":false},"excerpt":{"rendered":"<p>El cierre del albergue transitorio ubicado en la zona primaria del Puente de la Amistad fue ordenado por el Centro de Coordinaci\u00f3n Interninstitucional de Apoyo al Ministerio de Salud P\u00fablica,&hellip; <\/p>\n","protected":false},"author":1,"featured_media":19961,"comment_status":"open","ping_status":"open","sticky":false,"template":"","format":"standard","meta":{"sfsi_plus_gutenberg_text_before_share":"","sfsi_plus_gutenberg_show_text_before_share":"","sfsi_plus_gutenberg_icon_type":"","sfsi_plus_gutenberg_icon_alignemt":"","sfsi_plus_gutenburg_max_per_row":"","footnotes":"","_jetpack_memberships_contains_paid_content":false,"jetpack_publicize_message":"","jetpack_publicize_feature_enabled":true,"jetpack_social_post_already_shared":false,"jetpack_social_options":{"image_generator_settings":{"template":"highway","enabled":false},"version":2}},"categories":[5],"tags":[],"jetpack_publicize_connections":[],"jetpack_sharing_enabled":true,"jetpack_featured_media_url":"https:\/\/agendaparaguay.com\/v2\/wp-content\/uploads\/2020\/04\/albergue_cde.jpg","_links":{"self":[{"href":"https:\/\/agendaparaguay.com\/v2\/wp-json\/wp\/v2\/posts\/19960"}],"collection":[{"href":"https:\/\/agendaparaguay.com\/v2\/wp-json\/wp\/v2\/posts"}],"about":[{"href":"https:\/\/agendaparaguay.com\/v2\/wp-json\/wp\/v2\/types\/post"}],"author":[{"embeddable":true,"href":"https:\/\/agendaparaguay.com\/v2\/wp-json\/wp\/v2\/users\/1"}],"replies":[{"embeddable":true,"href":"https:\/\/agendaparaguay.com\/v2\/wp-json\/wp\/v2\/comments?post=19960"}],"version-history":[{"count":2,"href":"https:\/\/agendaparaguay.com\/v2\/wp-json\/wp\/v2\/posts\/19960\/revisions"}],"predecessor-version":[{"id":19963,"href":"https:\/\/agendaparaguay.com\/v2\/wp-json\/wp\/v2\/posts\/19960\/revisions\/19963"}],"wp:featuredmedia":[{"embeddable":true,"href":"https:\/\/agendaparaguay.com\/v2\/wp-json\/wp\/v2\/media\/19961"}],"wp:attachment":[{"href":"https:\/\/agendaparaguay.com\/v2\/wp-json\/wp\/v2\/media?parent=19960"}],"wp:term":[{"taxonomy":"category","embeddable":true,"href":"https:\/\/agendaparaguay.com\/v2\/wp-json\/wp\/v2\/categories?post=19960"},{"taxonomy":"post_tag","embeddable":true,"href":"https:\/\/agendaparaguay.com\/v2\/wp-json\/wp\/v2\/tags?post=19960"}],"curies":[{"name":"wp","href":"https:\/\/api.w.org\/{rel}","templated":true}]}}