{"id":19989,"date":"2020-04-18T18:10:18","date_gmt":"2020-04-18T22:10:18","guid":{"rendered":"http:\/\/agendaparaguay.com\/v2\/?p=19989"},"modified":"2020-04-18T18:10:18","modified_gmt":"2020-04-18T22:10:18","slug":"nombran-nuevo-presidente-interino-de-la-dinac","status":"publish","type":"post","link":"https:\/\/agendaparaguay.com\/v2\/2020\/04\/18\/nombran-nuevo-presidente-interino-de-la-dinac\/","title":{"rendered":"Nombran nuevo presidente interino de la Dinac"},"content":{"rendered":"<p style=\"text-align: justify;\">El presidente de la rep\u00fablica Mario Abdo Ben\u00edtez firm\u00f3 el decreto 3538 por el que nombra presidente interino de la Direcci\u00f3n Nacional de Aeron\u00e1utica Civil, DINAC.<!--more--><\/p>\n<p style=\"text-align: justify;\">Se trata de Douglas ARturo Cubilla Silva, quien hasta la fecha ocupaba el cargo de Director de Aeropuertos quien de esta forma pasa a cumplir funciones tras la renuncia indeclinable presentada por Edgar Melgarejo.<\/p>\n<p style=\"text-align: justify;\">Cabe destacar que tras denuncias de supuesta compra sobrefacturada de \u00abtapabocas\u00bb presentada en el Ministerio P\u00fablico por parte de un grupo de Diputados, y tars el pedido de investigaci\u00f3n solicitado por el mandatario a la secretar\u00eda anticorrupci\u00f3n, Melgarejo dio un paso al costado, pero rechaz\u00f3 las acusaciones vertidas en su contra.<\/p>\n","protected":false},"excerpt":{"rendered":"<p>El presidente de la rep\u00fablica Mario Abdo Ben\u00edtez firm\u00f3 el decreto 3538 por el que nombra presidente interino de la Direcci\u00f3n Nacional de Aeron\u00e1utica Civil, DINAC.<\/p>\n","protected":false},"author":1,"featured_media":19990,"comment_status":"open","ping_status":"open","sticky":false,"template":"","format":"standard","meta":{"sfsi_plus_gutenberg_text_before_share":"","sfsi_plus_gutenberg_show_text_before_share":"","sfsi_plus_gutenberg_icon_type":"","sfsi_plus_gutenberg_icon_alignemt":"","sfsi_plus_gutenburg_max_per_row":"","footnotes":"","_jetpack_memberships_contains_paid_content":false,"jetpack_publicize_message":"","jetpack_publicize_feature_enabled":true,"jetpack_social_post_already_shared":false,"jetpack_social_options":{"image_generator_settings":{"template":"highway","enabled":false},"version":2}},"categories":[5],"tags":[],"jetpack_publicize_connections":[],"jetpack_sharing_enabled":true,"jetpack_featured_media_url":"https:\/\/agendaparaguay.com\/v2\/wp-content\/uploads\/2020\/04\/dinac_douglas_cubilla.jpeg","_links":{"self":[{"href":"https:\/\/agendaparaguay.com\/v2\/wp-json\/wp\/v2\/posts\/19989"}],"collection":[{"href":"https:\/\/agendaparaguay.com\/v2\/wp-json\/wp\/v2\/posts"}],"about":[{"href":"https:\/\/agendaparaguay.com\/v2\/wp-json\/wp\/v2\/types\/post"}],"author":[{"embeddable":true,"href":"https:\/\/agendaparaguay.com\/v2\/wp-json\/wp\/v2\/users\/1"}],"replies":[{"embeddable":true,"href":"https:\/\/agendaparaguay.com\/v2\/wp-json\/wp\/v2\/comments?post=19989"}],"version-history":[{"count":1,"href":"https:\/\/agendaparaguay.com\/v2\/wp-json\/wp\/v2\/posts\/19989\/revisions"}],"predecessor-version":[{"id":19991,"href":"https:\/\/agendaparaguay.com\/v2\/wp-json\/wp\/v2\/posts\/19989\/revisions\/19991"}],"wp:featuredmedia":[{"embeddable":true,"href":"https:\/\/agendaparaguay.com\/v2\/wp-json\/wp\/v2\/media\/19990"}],"wp:attachment":[{"href":"https:\/\/agendaparaguay.com\/v2\/wp-json\/wp\/v2\/media?parent=19989"}],"wp:term":[{"taxonomy":"category","embeddable":true,"href":"https:\/\/agendaparaguay.com\/v2\/wp-json\/wp\/v2\/categories?post=19989"},{"taxonomy":"post_tag","embeddable":true,"href":"https:\/\/agendaparaguay.com\/v2\/wp-json\/wp\/v2\/tags?post=19989"}],"curies":[{"name":"wp","href":"https:\/\/api.w.org\/{rel}","templated":true}]}}