{"id":20050,"date":"2020-04-21T08:30:59","date_gmt":"2020-04-21T12:30:59","guid":{"rendered":"http:\/\/agendaparaguay.com\/v2\/?p=20050"},"modified":"2020-04-21T08:37:04","modified_gmt":"2020-04-21T12:37:04","slug":"cesan-a-43-000-trabajadores-desde-el-inicio-de-la-cuarentena","status":"publish","type":"post","link":"https:\/\/agendaparaguay.com\/v2\/2020\/04\/21\/cesan-a-43-000-trabajadores-desde-el-inicio-de-la-cuarentena\/","title":{"rendered":"Cesan a 43.000 trabajadores desde el inicio de la cuarentena"},"content":{"rendered":"<p style=\"text-align: justify;\">La informaci\u00f3n fue confirmada por la ministra de Trabajo, Carla Bacigalupo. La alta funcionaria resalt\u00f3 que unos 43.000 trabajadores ya fueron cesados en sus funciones y cerca de 8.000 fueron despedidos desde el inicio de la Pandemia.<!--more--><\/p>\n<p style=\"text-align: justify;\">Bacigalupo inform\u00f3 por otro lado a Radio \u00d1anduti que unas 530 resoluciones fueron emitidas de los 4500 pedidos de mediaci\u00f3n y que al salir la resoluci\u00f3n, estas son enviadas directamente al IPS para el pago de subsidio.<\/p>\n<p style=\"text-align: justify;\">Casi la totalidad de los pedidos corresponden ya para los meses de abril y mayo.<\/p>\n<p style=\"text-align: justify;\">Finalmente, la secretaria de estado a\u00f1adi\u00f3 que el Ejecutivo analiza y trabaja sobre un protocolo de flexibilizaci\u00f3n de la cuarentena y sobre todos, que rubros y \u00e1reas ser\u00e1n los primeros incluidos en el proceso.<\/p>\n","protected":false},"excerpt":{"rendered":"<p>La informaci\u00f3n fue confirmada por la ministra de Trabajo, Carla Bacigalupo. La alta funcionaria resalt\u00f3 que unos 43.000 trabajadores ya fueron cesados en sus funciones y cerca de 8.000 fueron&hellip; <\/p>\n","protected":false},"author":1,"featured_media":14625,"comment_status":"open","ping_status":"open","sticky":false,"template":"","format":"standard","meta":{"sfsi_plus_gutenberg_text_before_share":"","sfsi_plus_gutenberg_show_text_before_share":"","sfsi_plus_gutenberg_icon_type":"","sfsi_plus_gutenberg_icon_alignemt":"","sfsi_plus_gutenburg_max_per_row":"","footnotes":"","_jetpack_memberships_contains_paid_content":false,"jetpack_publicize_message":"","jetpack_publicize_feature_enabled":true,"jetpack_social_post_already_shared":false,"jetpack_social_options":{"image_generator_settings":{"template":"highway","enabled":false},"version":2}},"categories":[5],"tags":[],"jetpack_publicize_connections":[],"jetpack_sharing_enabled":true,"jetpack_featured_media_url":"https:\/\/agendaparaguay.com\/v2\/wp-content\/uploads\/2019\/11\/carla_bacigalupo.jpg","_links":{"self":[{"href":"https:\/\/agendaparaguay.com\/v2\/wp-json\/wp\/v2\/posts\/20050"}],"collection":[{"href":"https:\/\/agendaparaguay.com\/v2\/wp-json\/wp\/v2\/posts"}],"about":[{"href":"https:\/\/agendaparaguay.com\/v2\/wp-json\/wp\/v2\/types\/post"}],"author":[{"embeddable":true,"href":"https:\/\/agendaparaguay.com\/v2\/wp-json\/wp\/v2\/users\/1"}],"replies":[{"embeddable":true,"href":"https:\/\/agendaparaguay.com\/v2\/wp-json\/wp\/v2\/comments?post=20050"}],"version-history":[{"count":1,"href":"https:\/\/agendaparaguay.com\/v2\/wp-json\/wp\/v2\/posts\/20050\/revisions"}],"predecessor-version":[{"id":20051,"href":"https:\/\/agendaparaguay.com\/v2\/wp-json\/wp\/v2\/posts\/20050\/revisions\/20051"}],"wp:featuredmedia":[{"embeddable":true,"href":"https:\/\/agendaparaguay.com\/v2\/wp-json\/wp\/v2\/media\/14625"}],"wp:attachment":[{"href":"https:\/\/agendaparaguay.com\/v2\/wp-json\/wp\/v2\/media?parent=20050"}],"wp:term":[{"taxonomy":"category","embeddable":true,"href":"https:\/\/agendaparaguay.com\/v2\/wp-json\/wp\/v2\/categories?post=20050"},{"taxonomy":"post_tag","embeddable":true,"href":"https:\/\/agendaparaguay.com\/v2\/wp-json\/wp\/v2\/tags?post=20050"}],"curies":[{"name":"wp","href":"https:\/\/api.w.org\/{rel}","templated":true}]}}