{"id":20061,"date":"2020-04-21T13:59:18","date_gmt":"2020-04-21T17:59:18","guid":{"rendered":"http:\/\/agendaparaguay.com\/v2\/?p=20061"},"modified":"2020-04-21T13:59:18","modified_gmt":"2020-04-21T17:59:18","slug":"jueza-admite-imputacion-contra-diputada-medina","status":"publish","type":"post","link":"https:\/\/agendaparaguay.com\/v2\/2020\/04\/21\/jueza-admite-imputacion-contra-diputada-medina\/","title":{"rendered":"Jueza admite imputaci\u00f3n contra diputada Medina"},"content":{"rendered":"<p style=\"text-align: justify;\">La jueza Cynthia Lovera admiti\u00f3 esta ma\u00f1ana la imputaci\u00f3n formulada por la fiscala Belinda Bobadilla contra la diputada colorada Del Pilar Medina.<!--more--><\/p>\n<p style=\"text-align: justify;\">La misma est\u00e1 acusada por violaci\u00f3n de cuarentena sanitaria, ya que luego de su retorno de un viaje a Per\u00fa, la parlamentaria debi\u00f3 guardar cuarentena obligatoria por 14 d\u00edas, sin embargo la misma concurri\u00f3 hasta la c\u00e1mara de Diputados para participar de una sesi\u00f3n de la c\u00e1mara baja.<\/p>\n<p style=\"text-align: justify;\">La jueza fij\u00f3 para el este viernes 24, 09:00 horas la audiencia de imposici\u00f3n de medidas.<\/p>\n<p style=\"text-align: justify;\">Cabe destacar que la misma fue desaforada por sus pares en la v\u00edspera, a solicitud de la magistrada Lovera. Jueza admite imputaci\u00f3n contra diputada Medina.<\/p>\n","protected":false},"excerpt":{"rendered":"<p>La jueza Cynthia Lovera admiti\u00f3 esta ma\u00f1ana la imputaci\u00f3n formulada por la fiscala Belinda Bobadilla contra la diputada colorada Del Pilar Medina.<\/p>\n","protected":false},"author":1,"featured_media":4363,"comment_status":"open","ping_status":"open","sticky":false,"template":"","format":"standard","meta":{"sfsi_plus_gutenberg_text_before_share":"","sfsi_plus_gutenberg_show_text_before_share":"","sfsi_plus_gutenberg_icon_type":"","sfsi_plus_gutenberg_icon_alignemt":"","sfsi_plus_gutenburg_max_per_row":"","footnotes":"","_jetpack_memberships_contains_paid_content":false,"jetpack_publicize_message":"","jetpack_publicize_feature_enabled":true,"jetpack_social_post_already_shared":false,"jetpack_social_options":{"image_generator_settings":{"template":"highway","enabled":false},"version":2}},"categories":[5],"tags":[],"jetpack_publicize_connections":[],"jetpack_sharing_enabled":true,"jetpack_featured_media_url":"https:\/\/agendaparaguay.com\/v2\/wp-content\/uploads\/2019\/02\/dip_del_pilar_medina.jpg","_links":{"self":[{"href":"https:\/\/agendaparaguay.com\/v2\/wp-json\/wp\/v2\/posts\/20061"}],"collection":[{"href":"https:\/\/agendaparaguay.com\/v2\/wp-json\/wp\/v2\/posts"}],"about":[{"href":"https:\/\/agendaparaguay.com\/v2\/wp-json\/wp\/v2\/types\/post"}],"author":[{"embeddable":true,"href":"https:\/\/agendaparaguay.com\/v2\/wp-json\/wp\/v2\/users\/1"}],"replies":[{"embeddable":true,"href":"https:\/\/agendaparaguay.com\/v2\/wp-json\/wp\/v2\/comments?post=20061"}],"version-history":[{"count":1,"href":"https:\/\/agendaparaguay.com\/v2\/wp-json\/wp\/v2\/posts\/20061\/revisions"}],"predecessor-version":[{"id":20062,"href":"https:\/\/agendaparaguay.com\/v2\/wp-json\/wp\/v2\/posts\/20061\/revisions\/20062"}],"wp:featuredmedia":[{"embeddable":true,"href":"https:\/\/agendaparaguay.com\/v2\/wp-json\/wp\/v2\/media\/4363"}],"wp:attachment":[{"href":"https:\/\/agendaparaguay.com\/v2\/wp-json\/wp\/v2\/media?parent=20061"}],"wp:term":[{"taxonomy":"category","embeddable":true,"href":"https:\/\/agendaparaguay.com\/v2\/wp-json\/wp\/v2\/categories?post=20061"},{"taxonomy":"post_tag","embeddable":true,"href":"https:\/\/agendaparaguay.com\/v2\/wp-json\/wp\/v2\/tags?post=20061"}],"curies":[{"name":"wp","href":"https:\/\/api.w.org\/{rel}","templated":true}]}}