{"id":20073,"date":"2020-04-21T21:30:14","date_gmt":"2020-04-22T01:30:14","guid":{"rendered":"http:\/\/agendaparaguay.com\/v2\/?p=20073"},"modified":"2020-04-21T21:33:14","modified_gmt":"2020-04-22T01:33:14","slug":"lilian-confirma-que-abdo-benitez-se-reunio-hoy-con-senadores-de-su-partido","status":"publish","type":"post","link":"https:\/\/agendaparaguay.com\/v2\/2020\/04\/21\/lilian-confirma-que-abdo-benitez-se-reunio-hoy-con-senadores-de-su-partido\/","title":{"rendered":"Lilian confirma que Abdo Ben\u00edtez se reuni\u00f3 hoy con senadores de su partido"},"content":{"rendered":"<p style=\"text-align: justify;\">\u00abHoy nos reunimos con presidente de la Rep\u00fablica, el vice presidente de la rep\u00fablica y el ministro de Hacienda, todos los senadores colorados de las diferentes bancadas\u00bb, expres\u00f3 hoy la senadora colorada Lilian Samaniego, quien confirm\u00f3 el encuentro de los legisladores de su partido con el jefe de estado Abdo Ben\u00edtez, Hugo Vel\u00e1zquez y Benigno L\u00f3pez.<!--more--><\/p>\n<p style=\"text-align: justify;\">Samaniego indic\u00f3 que el presidente de la rep\u00fablica expuso ante sus pares sobre la situaci\u00f3n de la Pandemia y coment\u00f3 la posibilidad acerca de la flexibilizaci\u00f3n laboral para las pr\u00f3ximas semanas. Dijo que el mandatario esperaba la comprensi\u00f3n de la ciudadan\u00eda ante las medidas aplicadas en el marco de la Emergencia Sanitaria.<\/p>\n<p style=\"text-align: justify;\">\u00abCreo que esta pandemia es una gran oportunidad para buscar la unidad, la solidaridad entre todos los paraguayos\u00bb, resalt\u00f3 la senadora Samaniego.<\/p>\n<p style=\"text-align: justify;\">Inst\u00f3 a dejar de lado la pol\u00edtica de la divisi\u00f3n. \u00abEstoy seguro que despu\u00e9s de esta pandemia nada ser\u00e1 igual y all\u00ed sabremos quienes estuvieron a la altura de las circunstancias y quienes priorizaron sus intereses personales 7 m\u00e1s nada\u00bb, aleg\u00f3.<\/p>\n<p>Finalmente areng\u00f3 a la poblaci\u00f3n a cumplir con la sugerencia de la cartera sanitaria y seguir adelante acatando con los h\u00e1bitos recomendados por los m\u00e9dicos, en lo que hace a los cuidados para evitar la propagaci\u00f3n del COVID-19 o Coronavirus.<\/p>\n<blockquote class=\"twitter-tweet\" data-width=\"550\" data-dnt=\"true\">\n<p lang=\"es\" dir=\"ltr\"><a href=\"https:\/\/twitter.com\/LilianSamaniego?ref_src=twsrc%5Etfw\">@LilianSamaniego<\/a> confirmo reuni\u00f3n hoy de senadores colorados de diferentes bancadas con el Pdte <a href=\"https:\/\/twitter.com\/MaritoAbdo?ref_src=twsrc%5Etfw\">@MaritoAbdo<\/a>, el vice pdte <a href=\"https:\/\/twitter.com\/HVelazquezPy?ref_src=twsrc%5Etfw\">@HVelazquezPy<\/a> <a href=\"https:\/\/twitter.com\/BMLopezB?ref_src=twsrc%5Etfw\">@BMLopezB<\/a> <a href=\"https:\/\/twitter.com\/Haciendapy?ref_src=twsrc%5Etfw\">@Haciendapy<\/a>. Abdo confirm\u00f3 que se est\u00e1 avanzando en el protocolo de flexibilizaci\u00f3n laboral en el marco de Pandemia por <a href=\"https:\/\/twitter.com\/hashtag\/COVID19?src=hash&amp;ref_src=twsrc%5Etfw\">#COVID19<\/a> <a href=\"https:\/\/t.co\/3G3XMl6r4x\">pic.twitter.com\/3G3XMl6r4x<\/a><\/p>\n<p>&mdash; Agenda Paraguay (@agparaguay) <a href=\"https:\/\/twitter.com\/agparaguay\/status\/1252716009133346817?ref_src=twsrc%5Etfw\">April 21, 2020<\/a><\/p><\/blockquote>\n<p><script async src=\"https:\/\/platform.twitter.com\/widgets.js\" charset=\"utf-8\"><\/script><\/p>\n<p>&nbsp;<\/p>\n","protected":false},"excerpt":{"rendered":"<p>\u00abHoy nos reunimos con presidente de la Rep\u00fablica, el vice presidente de la rep\u00fablica y el ministro de Hacienda, todos los senadores colorados de las diferentes bancadas\u00bb, expres\u00f3 hoy la&hellip; <\/p>\n","protected":false},"author":1,"featured_media":20074,"comment_status":"open","ping_status":"open","sticky":false,"template":"","format":"standard","meta":{"sfsi_plus_gutenberg_text_before_share":"","sfsi_plus_gutenberg_show_text_before_share":"","sfsi_plus_gutenberg_icon_type":"","sfsi_plus_gutenberg_icon_alignemt":"","sfsi_plus_gutenburg_max_per_row":"","footnotes":"","_jetpack_memberships_contains_paid_content":false,"jetpack_publicize_message":"","jetpack_publicize_feature_enabled":true,"jetpack_social_post_already_shared":false,"jetpack_social_options":{"image_generator_settings":{"template":"highway","enabled":false},"version":2}},"categories":[2],"tags":[],"jetpack_publicize_connections":[],"jetpack_sharing_enabled":true,"jetpack_featured_media_url":"https:\/\/agendaparaguay.com\/v2\/wp-content\/uploads\/2020\/04\/marito_lilian.jpeg","_links":{"self":[{"href":"https:\/\/agendaparaguay.com\/v2\/wp-json\/wp\/v2\/posts\/20073"}],"collection":[{"href":"https:\/\/agendaparaguay.com\/v2\/wp-json\/wp\/v2\/posts"}],"about":[{"href":"https:\/\/agendaparaguay.com\/v2\/wp-json\/wp\/v2\/types\/post"}],"author":[{"embeddable":true,"href":"https:\/\/agendaparaguay.com\/v2\/wp-json\/wp\/v2\/users\/1"}],"replies":[{"embeddable":true,"href":"https:\/\/agendaparaguay.com\/v2\/wp-json\/wp\/v2\/comments?post=20073"}],"version-history":[{"count":2,"href":"https:\/\/agendaparaguay.com\/v2\/wp-json\/wp\/v2\/posts\/20073\/revisions"}],"predecessor-version":[{"id":20076,"href":"https:\/\/agendaparaguay.com\/v2\/wp-json\/wp\/v2\/posts\/20073\/revisions\/20076"}],"wp:featuredmedia":[{"embeddable":true,"href":"https:\/\/agendaparaguay.com\/v2\/wp-json\/wp\/v2\/media\/20074"}],"wp:attachment":[{"href":"https:\/\/agendaparaguay.com\/v2\/wp-json\/wp\/v2\/media?parent=20073"}],"wp:term":[{"taxonomy":"category","embeddable":true,"href":"https:\/\/agendaparaguay.com\/v2\/wp-json\/wp\/v2\/categories?post=20073"},{"taxonomy":"post_tag","embeddable":true,"href":"https:\/\/agendaparaguay.com\/v2\/wp-json\/wp\/v2\/tags?post=20073"}],"curies":[{"name":"wp","href":"https:\/\/api.w.org\/{rel}","templated":true}]}}