{"id":20078,"date":"2020-04-22T07:30:19","date_gmt":"2020-04-22T11:30:19","guid":{"rendered":"http:\/\/agendaparaguay.com\/v2\/?p=20078"},"modified":"2020-04-21T21:52:34","modified_gmt":"2020-04-22T01:52:34","slug":"plantean-incluir-ingresos-de-itaipu-y-yacyreta-al-presupuesto-general-de-la-nacion","status":"publish","type":"post","link":"https:\/\/agendaparaguay.com\/v2\/2020\/04\/22\/plantean-incluir-ingresos-de-itaipu-y-yacyreta-al-presupuesto-general-de-la-nacion\/","title":{"rendered":"Plantean incluir ingresos de Itaipu y Yacyret\u00e1 al Presupuesto General de la Naci\u00f3n"},"content":{"rendered":"<p style=\"text-align: justify;\">Se trata del proyecto de ley \u201cQue integra el presupuesto de las entidades Binacionales Itaip\u00fa y Yacyret\u00e1 \u2013 lado Paraguayo al Presupuesto General de la Naci\u00f3n y adopta el derecho positivo nacional para el funcionamiento administrativo de ambas entidades\u201d.<!--more--><\/p>\n<p style=\"text-align: justify;\">El documento lleva la firma de varios senadores de diferentes bancadas y los pr\u00f3ximos d\u00edas ser\u00e1 analizado por el pleno de la c\u00e1mara alta.<\/p>\n<p style=\"text-align: justify;\">Al respecto, el senador Fernando Silva Facetti, como proyectista, manifest\u00f3 que en este<\/p>\n<p style=\"text-align: justify;\">En el documento se desvirt\u00faan todos los argumentos que durante tantos a\u00f1os se utilizaron para separar y construir un estado dentro de ambas binacionales, las falacias de que el tratado est\u00e1 por encima de la Constituci\u00f3n Nacional, de la cl\u00e1usula de isonom\u00eda o la norma salarial-espejo, expres\u00f3 al respecto uno de los proyectistas, el senador Fernando Silva Facetti.<\/p>\n<p style=\"text-align: justify;\">Silva Facetti destac\u00f3 que el proyecto obliga la incorporaci\u00f3n al Presupuesto General de la Naci\u00f3n todos aquellos ingresos que provienen de royalties, gastos sociales, ventas de energ\u00eda y cualquier otro ingreso que se originen en los ajustes o ampliaciones administrativas financieras de las binacionales.<\/p>\n<p style=\"text-align: justify;\">La propuesta de norma, seg\u00fan explica en la exposici\u00f3n de motivos, faculta al Ministerio de Hacienda a realizar los ajustes normativos y reglamentarios para que lo recaudado por ambas binacionales ingresen al Presupuesto General de la Naci\u00f3n.<\/p>\n<p style=\"text-align: justify;\">Plantea igualmente incluir a los funcionarios en la matriz salarial del sector p\u00fablico. \u00abQuienes no est\u00e9n de acuerdo, pueden comunicar y ser\u00e1n desvinculados con todos los derechos que el corresponden\u00bb, explic\u00f3.<\/p>\n<p style=\"text-align: justify;\">Aclar\u00f3 que ese dinero que ingresa de las binacionales al PGN, no podr\u00e1n ser utilizados para gastos r\u00edgidos del Estado.<\/p>\n<p style=\"text-align: justify;\">\u00abSe establece taxativamente que esos gastos van a ser destinados exclusivamente a las obras de infraestructura, a las necesidades de salud y educaci\u00f3n y se blindan estos recursos con esta presente ley\u00bb, remarc\u00f3 el senador<\/p>\n","protected":false},"excerpt":{"rendered":"<p>Se trata del proyecto de ley \u201cQue integra el presupuesto de las entidades Binacionales Itaip\u00fa y Yacyret\u00e1 \u2013 lado Paraguayo al Presupuesto General de la Naci\u00f3n y adopta el derecho&hellip; <\/p>\n","protected":false},"author":1,"featured_media":10527,"comment_status":"open","ping_status":"open","sticky":false,"template":"","format":"standard","meta":{"sfsi_plus_gutenberg_text_before_share":"","sfsi_plus_gutenberg_show_text_before_share":"","sfsi_plus_gutenberg_icon_type":"","sfsi_plus_gutenberg_icon_alignemt":"","sfsi_plus_gutenburg_max_per_row":"","footnotes":"","_jetpack_memberships_contains_paid_content":false,"jetpack_publicize_message":"","jetpack_publicize_feature_enabled":true,"jetpack_social_post_already_shared":false,"jetpack_social_options":{"image_generator_settings":{"template":"highway","enabled":false},"version":2}},"categories":[3],"tags":[],"jetpack_publicize_connections":[],"jetpack_sharing_enabled":true,"jetpack_featured_media_url":"https:\/\/agendaparaguay.com\/v2\/wp-content\/uploads\/2019\/07\/sen_fernando_silva_facetti_321.jpeg","_links":{"self":[{"href":"https:\/\/agendaparaguay.com\/v2\/wp-json\/wp\/v2\/posts\/20078"}],"collection":[{"href":"https:\/\/agendaparaguay.com\/v2\/wp-json\/wp\/v2\/posts"}],"about":[{"href":"https:\/\/agendaparaguay.com\/v2\/wp-json\/wp\/v2\/types\/post"}],"author":[{"embeddable":true,"href":"https:\/\/agendaparaguay.com\/v2\/wp-json\/wp\/v2\/users\/1"}],"replies":[{"embeddable":true,"href":"https:\/\/agendaparaguay.com\/v2\/wp-json\/wp\/v2\/comments?post=20078"}],"version-history":[{"count":1,"href":"https:\/\/agendaparaguay.com\/v2\/wp-json\/wp\/v2\/posts\/20078\/revisions"}],"predecessor-version":[{"id":20079,"href":"https:\/\/agendaparaguay.com\/v2\/wp-json\/wp\/v2\/posts\/20078\/revisions\/20079"}],"wp:featuredmedia":[{"embeddable":true,"href":"https:\/\/agendaparaguay.com\/v2\/wp-json\/wp\/v2\/media\/10527"}],"wp:attachment":[{"href":"https:\/\/agendaparaguay.com\/v2\/wp-json\/wp\/v2\/media?parent=20078"}],"wp:term":[{"taxonomy":"category","embeddable":true,"href":"https:\/\/agendaparaguay.com\/v2\/wp-json\/wp\/v2\/categories?post=20078"},{"taxonomy":"post_tag","embeddable":true,"href":"https:\/\/agendaparaguay.com\/v2\/wp-json\/wp\/v2\/tags?post=20078"}],"curies":[{"name":"wp","href":"https:\/\/api.w.org\/{rel}","templated":true}]}}