{"id":20125,"date":"2020-04-23T10:30:49","date_gmt":"2020-04-23T14:30:49","guid":{"rendered":"http:\/\/agendaparaguay.com\/v2\/?p=20125"},"modified":"2020-04-23T11:04:15","modified_gmt":"2020-04-23T15:04:15","slug":"bancada-a-del-plra-rechaza-aumento-de-impuestos-planteado-por-fg-y-pdp","status":"publish","type":"post","link":"https:\/\/agendaparaguay.com\/v2\/2020\/04\/23\/bancada-a-del-plra-rechaza-aumento-de-impuestos-planteado-por-fg-y-pdp\/","title":{"rendered":"Bancada A del PLRA rechaza aumento de impuestos planteado por FG y PDP"},"content":{"rendered":"<p style=\"text-align: justify;\">La bancada \u00abA\u00bb (llanista) del Partido Liberal sent\u00f3 posici\u00f3n hoy sobre el proyecto de aumento de impuestos que impulsan senadores del Frente Guas\u00fa y el PDP, en el Senado.<!--more--><\/p>\n<p style=\"text-align: justify;\">En este contexto, la l\u00edder de bancada Hermelinda Alvarenga de Ortega refiri\u00f3 que el bloque\u00bb no acompa\u00f1ar\u00e1 ning\u00fan proyecto de ley que plantee incremento de impuesto\u00bb, sino en contrapartida, buscar\u00e1 juntamente con los dem\u00e1s sectores comprometidos, mecanismos que sostengan e incentiven al sector privado a superar esta crisis.<\/p>\n<p style=\"text-align: justify;\">Alvarenga, destac\u00f3 que el a\u00f1o pasado, el Congreso aprob\u00f3 la Ley N\u00b0 6.380 de Mordernizaci\u00f3n y Simplificaci\u00f3n del nuevo sistema tributario nacional, instrumento normativo que fue impulsado por el Poder Ejecutivo y cont\u00f3 con la participaci\u00f3n y an\u00e1lisis conjunto de representantes de todos los sectores.<\/p>\n<p style=\"text-align: justify;\">Dijo que esta ley introdujo cambios significativos al Sistema Fiscal, que entraron en vigencia el 1ro de enero de \u00e9ste a\u00f1o, con lo que se reestructur\u00f3 el Impuesto a la Renta Empresarial &#8211; IRE, el IRACIS y el IRAGRO, el Impuesto a los Dividendos y a las Utilidades \u2013 IDU, el Impuesto a la Renta de No Residentes- INR, el R\u00e9gimen Simplificado para Medianas Empresas \u2013 SIMPLE y el R\u00e9gimen Simplificado para Peque\u00f1as Empresas &#8211; RESIMPLE. Adem\u00e1s, la nueve Ley limita las deducciones antes previstas para el Impuesto a la Renta Personal &#8211; IRP y establecieron nuevas tasas de Impuesto Selectivo al Consumo a las bebidas alcoh\u00f3licas, bebidas azucaradas, cigarrillo entre otras como pol\u00edtica de Salud P\u00fablica.<\/p>\n<p style=\"text-align: justify;\">La normativa vigente establece que los nuevos recursos ser\u00e1n destinados a los sectores de educaci\u00f3n, seguridad y salud, los que se hab\u00edan calculado podr\u00edan alcanzar alrededor de los US$ 350 millones en recaudaciones adicionales, sin embargo, con esta inesperada crisis, se ver\u00e1 significativamente afectada.<\/p>\n<p style=\"text-align: justify;\">\u00abTeniendo en cuenta \u00e9sta reciente reforma, no podemos someter al Sector Privado a una nueva incertidumbre de cambios tributarios durante esta crisis a la que se suman otros factores internos y externos que est\u00e1n teniendo un grave efecto en la econom\u00eda nacional y global\u00bb, refiri\u00f3 la legisladora ante el pleno de la c\u00e1mara alta.<\/p>\n<p style=\"text-align: justify;\">Indic\u00f3 que las exportaciones de productos nacionales se han reducido significativamente por la baja de demanda, las importaciones tambien est\u00e1n afectadas por la inestabilidad del comercio internacional, adem\u00e1s de la restricci\u00f3n del tr\u00e1nsito, la baja del r\u00edo, el cierre de fronteras. Los productos del Agro tienen en este momento tendencia a la baja, entre otros.<\/p>\n<p style=\"text-align: justify;\">Al desempleo registrado el a\u00f1o pasado, con la Pandemia por Coronavirus, hasta la primera quincena de abril entre 50.000 y 60.000 desempleados, solo contenidos en las 1700 empresas que pidieron al Ministerio de Trabajo el cese temporal o definitivo de trabajo del personal, sin sumar a ellos los trabajadores independientes e informales.<\/p>\n<p style=\"text-align: justify;\">\u00abNo es el momento de ocupar el tiempo en analizar un incremento de impuestos, que al final, podr\u00eda significar la carga econ\u00f3mica directa al consumidor final, perjudicando aun m\u00e1s a toda la ciudadan\u00eda, sino que es tiempo de luchar contra el contrabando y la informalidad, y redoblar esfuerzos para lograr la trazabilidad del destino de los impuestos que pagan las empresas y los contribuyentes particulares ya que sin un control transparente del destino y eficacia del gasto p\u00fablico es imposible justificar un posible aumento de la presi\u00f3n tributaria en nuestro pa\u00eds\u00bb, refiere el pronunciamiento de este sector del PLRA.<\/p>\n","protected":false},"excerpt":{"rendered":"<p>La bancada \u00abA\u00bb (llanista) del Partido Liberal sent\u00f3 posici\u00f3n hoy sobre el proyecto de aumento de impuestos que impulsan senadores del Frente Guas\u00fa y el PDP, en el Senado.<\/p>\n","protected":false},"author":1,"featured_media":20126,"comment_status":"open","ping_status":"open","sticky":false,"template":"","format":"standard","meta":{"sfsi_plus_gutenberg_text_before_share":"","sfsi_plus_gutenberg_show_text_before_share":"","sfsi_plus_gutenberg_icon_type":"","sfsi_plus_gutenberg_icon_alignemt":"","sfsi_plus_gutenburg_max_per_row":"","footnotes":"","_jetpack_memberships_contains_paid_content":false,"jetpack_publicize_message":"","jetpack_publicize_feature_enabled":true,"jetpack_social_post_already_shared":false,"jetpack_social_options":{"image_generator_settings":{"template":"highway","enabled":false},"version":2}},"categories":[3],"tags":[],"jetpack_publicize_connections":[],"jetpack_sharing_enabled":true,"jetpack_featured_media_url":"https:\/\/agendaparaguay.com\/v2\/wp-content\/uploads\/2020\/04\/sesion_senado.jpeg","_links":{"self":[{"href":"https:\/\/agendaparaguay.com\/v2\/wp-json\/wp\/v2\/posts\/20125"}],"collection":[{"href":"https:\/\/agendaparaguay.com\/v2\/wp-json\/wp\/v2\/posts"}],"about":[{"href":"https:\/\/agendaparaguay.com\/v2\/wp-json\/wp\/v2\/types\/post"}],"author":[{"embeddable":true,"href":"https:\/\/agendaparaguay.com\/v2\/wp-json\/wp\/v2\/users\/1"}],"replies":[{"embeddable":true,"href":"https:\/\/agendaparaguay.com\/v2\/wp-json\/wp\/v2\/comments?post=20125"}],"version-history":[{"count":1,"href":"https:\/\/agendaparaguay.com\/v2\/wp-json\/wp\/v2\/posts\/20125\/revisions"}],"predecessor-version":[{"id":20127,"href":"https:\/\/agendaparaguay.com\/v2\/wp-json\/wp\/v2\/posts\/20125\/revisions\/20127"}],"wp:featuredmedia":[{"embeddable":true,"href":"https:\/\/agendaparaguay.com\/v2\/wp-json\/wp\/v2\/media\/20126"}],"wp:attachment":[{"href":"https:\/\/agendaparaguay.com\/v2\/wp-json\/wp\/v2\/media?parent=20125"}],"wp:term":[{"taxonomy":"category","embeddable":true,"href":"https:\/\/agendaparaguay.com\/v2\/wp-json\/wp\/v2\/categories?post=20125"},{"taxonomy":"post_tag","embeddable":true,"href":"https:\/\/agendaparaguay.com\/v2\/wp-json\/wp\/v2\/tags?post=20125"}],"curies":[{"name":"wp","href":"https:\/\/api.w.org\/{rel}","templated":true}]}}