{"id":20156,"date":"2020-04-24T09:37:59","date_gmt":"2020-04-24T13:37:59","guid":{"rendered":"http:\/\/agendaparaguay.com\/v2\/?p=20156"},"modified":"2020-04-24T09:37:59","modified_gmt":"2020-04-24T13:37:59","slug":"cuarentena-inteligente-fue-presentada-por-el-ministro-mazzoleni","status":"publish","type":"post","link":"https:\/\/agendaparaguay.com\/v2\/2020\/04\/24\/cuarentena-inteligente-fue-presentada-por-el-ministro-mazzoleni\/","title":{"rendered":"Cuarentena inteligente\u00bb fue presentada por el Ministro Mazzoleni"},"content":{"rendered":"<p style=\"text-align: justify;\">La \u00abcuarentena inteligente\u00bb que contempla aspectos que hacen a una conducta personal y de relacionamiento, como el distanciamiento social, el lavado frecuente de manos, el uso de tapabocas, as\u00ed como la prohibici\u00f3n de aglomeraci\u00f3n de personas, el uso comunitario de guampas de mate o terer\u00e9, seguir\u00e1n formando parte del protocolo sanitario, se\u00f1al\u00f3 el ministro Julio Mazzoleni en conferencia de prensa.<!--more--><\/p>\n<p style=\"text-align: justify;\">Dijo que su aplicaci\u00f3n ser\u00e1 por fases y que por un buen tiempo, y al menos hasta que se cuente con alg\u00fan tratamiento o vacuna, las personas deben aprender a convivir con la enfermedad.<\/p>\n<p style=\"text-align: justify;\">\u00abVamos a actuar siempre como si fu\u00e9ramos infectados o enfermos. Las fronteras seguir\u00e1n cerradas y clases seguir\u00e1n siendo virtuales\u00bb, expres\u00f3 el ministro de Salud P\u00fablica.<\/p>\n","protected":false},"excerpt":{"rendered":"<p>La \u00abcuarentena inteligente\u00bb que contempla aspectos que hacen a una conducta personal y de relacionamiento, como el distanciamiento social, el lavado frecuente de manos, el uso de tapabocas, as\u00ed como&hellip; <\/p>\n","protected":false},"author":1,"featured_media":18099,"comment_status":"open","ping_status":"open","sticky":false,"template":"","format":"standard","meta":{"sfsi_plus_gutenberg_text_before_share":"","sfsi_plus_gutenberg_show_text_before_share":"","sfsi_plus_gutenberg_icon_type":"","sfsi_plus_gutenberg_icon_alignemt":"","sfsi_plus_gutenburg_max_per_row":"","footnotes":"","_jetpack_memberships_contains_paid_content":false,"jetpack_publicize_message":"","jetpack_publicize_feature_enabled":true,"jetpack_social_post_already_shared":false,"jetpack_social_options":{"image_generator_settings":{"template":"highway","enabled":false},"version":2}},"categories":[5],"tags":[],"jetpack_publicize_connections":[],"jetpack_sharing_enabled":true,"jetpack_featured_media_url":"https:\/\/agendaparaguay.com\/v2\/wp-content\/uploads\/2020\/02\/msp_julio_mazzoleni_3.jpeg","_links":{"self":[{"href":"https:\/\/agendaparaguay.com\/v2\/wp-json\/wp\/v2\/posts\/20156"}],"collection":[{"href":"https:\/\/agendaparaguay.com\/v2\/wp-json\/wp\/v2\/posts"}],"about":[{"href":"https:\/\/agendaparaguay.com\/v2\/wp-json\/wp\/v2\/types\/post"}],"author":[{"embeddable":true,"href":"https:\/\/agendaparaguay.com\/v2\/wp-json\/wp\/v2\/users\/1"}],"replies":[{"embeddable":true,"href":"https:\/\/agendaparaguay.com\/v2\/wp-json\/wp\/v2\/comments?post=20156"}],"version-history":[{"count":1,"href":"https:\/\/agendaparaguay.com\/v2\/wp-json\/wp\/v2\/posts\/20156\/revisions"}],"predecessor-version":[{"id":20157,"href":"https:\/\/agendaparaguay.com\/v2\/wp-json\/wp\/v2\/posts\/20156\/revisions\/20157"}],"wp:featuredmedia":[{"embeddable":true,"href":"https:\/\/agendaparaguay.com\/v2\/wp-json\/wp\/v2\/media\/18099"}],"wp:attachment":[{"href":"https:\/\/agendaparaguay.com\/v2\/wp-json\/wp\/v2\/media?parent=20156"}],"wp:term":[{"taxonomy":"category","embeddable":true,"href":"https:\/\/agendaparaguay.com\/v2\/wp-json\/wp\/v2\/categories?post=20156"},{"taxonomy":"post_tag","embeddable":true,"href":"https:\/\/agendaparaguay.com\/v2\/wp-json\/wp\/v2\/tags?post=20156"}],"curies":[{"name":"wp","href":"https:\/\/api.w.org\/{rel}","templated":true}]}}