{"id":20206,"date":"2020-04-26T08:00:31","date_gmt":"2020-04-26T12:00:31","guid":{"rendered":"http:\/\/agendaparaguay.com\/v2\/?p=20206"},"modified":"2020-04-25T14:38:19","modified_gmt":"2020-04-25T18:38:19","slug":"comision-de-reforma-del-estado-inicia-trabajos-este-lunes","status":"publish","type":"post","link":"https:\/\/agendaparaguay.com\/v2\/2020\/04\/26\/comision-de-reforma-del-estado-inicia-trabajos-este-lunes\/","title":{"rendered":"Comisi\u00f3n de Reforma del Estado inicia trabajos este lunes 27"},"content":{"rendered":"<p style=\"text-align: justify;\">La Comisi\u00f3n Bicameral de Reordenamiento de la Estructura del Estado anuncia su primera reuni\u00f3n de trabajo, para este lunes, a las 15:00 horas.<!--more--><\/p>\n<p style=\"text-align: justify;\">En la primera cita, se prev\u00e9 la participaci\u00f3n del vicepresidente de la Rep\u00fablica, Hugo Vel\u00e1zquez y el ministro de Hacienda, Benigno L\u00f3pez.<\/p>\n<p style=\"text-align: justify;\">Cabe destacar que la Comisi\u00f3n fue creada a fin de analizar y estudiar la estructura de los organismos y entidades del Estado. Igualmente, tiene a su cargo evitar la superposici\u00f3n de funciones de las distintas instituciones del Estado y estudiar las asignaciones de recursos y el mejoramiento de la calidad del gasto p\u00fablico.<\/p>\n<p style=\"text-align: justify;\">El estamento bicameral, est\u00e1 presidido por el Diputado Ra\u00fal Latorre; integrado los legisladores Derlis Maidana, Walter Harms, Arnaldo Samaniego, Jazm\u00edn Narv\u00e1ez, Antonio Buzarquis, Rodrigo Blanco, Kattya Gonz\u00e1lez<br \/>\n.<br \/>\nEn representaci\u00f3n de la C\u00e1mara de Senadores, adem\u00e1s del vice presidente de la Comisi\u00f3n Patric Kemper, integran, Blanca Ovelar, en reemplazo del senador Enrique Bacchetta, Arnaldo Franco, Enrique Riera, Lilian Samaniego (ANR, Blas Lanzoni, Enrique Salyn Buzarquis, Esperanza Mart\u00ednez y Stephan Rasmussen.<\/p>\n","protected":false},"excerpt":{"rendered":"<p>La Comisi\u00f3n Bicameral de Reordenamiento de la Estructura del Estado anuncia su primera reuni\u00f3n de trabajo, para este lunes, a las 15:00 horas.<\/p>\n","protected":false},"author":1,"featured_media":19977,"comment_status":"open","ping_status":"open","sticky":false,"template":"","format":"standard","meta":{"sfsi_plus_gutenberg_text_before_share":"","sfsi_plus_gutenberg_show_text_before_share":"","sfsi_plus_gutenberg_icon_type":"","sfsi_plus_gutenberg_icon_alignemt":"","sfsi_plus_gutenburg_max_per_row":"","footnotes":"","_jetpack_memberships_contains_paid_content":false,"jetpack_publicize_message":"","jetpack_publicize_feature_enabled":true,"jetpack_social_post_already_shared":false,"jetpack_social_options":{"image_generator_settings":{"template":"highway","enabled":false},"version":2}},"categories":[2],"tags":[],"jetpack_publicize_connections":[],"jetpack_sharing_enabled":true,"jetpack_featured_media_url":"https:\/\/agendaparaguay.com\/v2\/wp-content\/uploads\/2020\/04\/ministro_benigno_lopez_2.jpeg","_links":{"self":[{"href":"https:\/\/agendaparaguay.com\/v2\/wp-json\/wp\/v2\/posts\/20206"}],"collection":[{"href":"https:\/\/agendaparaguay.com\/v2\/wp-json\/wp\/v2\/posts"}],"about":[{"href":"https:\/\/agendaparaguay.com\/v2\/wp-json\/wp\/v2\/types\/post"}],"author":[{"embeddable":true,"href":"https:\/\/agendaparaguay.com\/v2\/wp-json\/wp\/v2\/users\/1"}],"replies":[{"embeddable":true,"href":"https:\/\/agendaparaguay.com\/v2\/wp-json\/wp\/v2\/comments?post=20206"}],"version-history":[{"count":2,"href":"https:\/\/agendaparaguay.com\/v2\/wp-json\/wp\/v2\/posts\/20206\/revisions"}],"predecessor-version":[{"id":20208,"href":"https:\/\/agendaparaguay.com\/v2\/wp-json\/wp\/v2\/posts\/20206\/revisions\/20208"}],"wp:featuredmedia":[{"embeddable":true,"href":"https:\/\/agendaparaguay.com\/v2\/wp-json\/wp\/v2\/media\/19977"}],"wp:attachment":[{"href":"https:\/\/agendaparaguay.com\/v2\/wp-json\/wp\/v2\/media?parent=20206"}],"wp:term":[{"taxonomy":"category","embeddable":true,"href":"https:\/\/agendaparaguay.com\/v2\/wp-json\/wp\/v2\/categories?post=20206"},{"taxonomy":"post_tag","embeddable":true,"href":"https:\/\/agendaparaguay.com\/v2\/wp-json\/wp\/v2\/tags?post=20206"}],"curies":[{"name":"wp","href":"https:\/\/api.w.org\/{rel}","templated":true}]}}