{"id":20209,"date":"2020-04-25T19:27:59","date_gmt":"2020-04-25T23:27:59","guid":{"rendered":"http:\/\/agendaparaguay.com\/v2\/?p=20209"},"modified":"2020-04-25T19:27:59","modified_gmt":"2020-04-25T23:27:59","slug":"pedro-alliana-rechaza-juicio-politico-a-sandra-quinones","status":"publish","type":"post","link":"https:\/\/agendaparaguay.com\/v2\/2020\/04\/25\/pedro-alliana-rechaza-juicio-politico-a-sandra-quinones\/","title":{"rendered":"Pedro Alliana rechaza juicio pol\u00edtico a Sandra Qui\u00f1ones"},"content":{"rendered":"<p style=\"text-align: justify;\">Ante el anuncio del diputado Liberal Edgar Acosta quien confirm\u00f3 que la pr\u00f3xima semana impulsar\u00e1 el juicio pol\u00edtico contra la fiscal General del Estado Sandra Qui\u00f1ones, el presidente de Diputados, Pedro Alliana rechaz\u00f3 la propuesta y asegur\u00f3 que \u00abno el es momento\u00bb.<!--more--><\/p>\n<p style=\"text-align: justify;\">El titular de la c\u00e1mara baja alega que el tema fue instalado luego de que la Fiscal\u00eda haya allanado las instalaciones del diario ABC Color.<\/p>\n<p style=\"text-align: justify;\">\u00abAhora porque allanaron ABC desataron la guerra contra el @MinPublicoPy; no contentos buscan que armemos un juicio pol\u00edtico a cuestas de una historia inventada? Dej\u00e9monos de joder se\u00f1ores, no es momento. Todo mi apoyo para @sandra_quinonez\u00bb, escribi\u00f3 el parlamentario.<\/p>\n<p style=\"text-align: justify;\">Cabe destacar que seg\u00fan las publicaciones period\u00edsticas, la titular del Ministerio P\u00fablico habr\u00eda intermediario para lograr que el empresario Karim Salum no guarde cuarentena obligatoria en el albergue habilitado por el gobierno, y termin\u00f3 yendo a su domicilio, tras su retorno de Estados Unidos. Adem\u00e1s, se menciona que el mismo habr\u00eda violado esa cuarentena sanitaria.<\/p>\n<blockquote class=\"twitter-tweet\" data-width=\"550\" data-dnt=\"true\">\n<p lang=\"es\" dir=\"ltr\">Ahora porque allanaron ABC desataron la guerra contra el <a href=\"https:\/\/twitter.com\/MinPublicoPy?ref_src=twsrc%5Etfw\">@MinPublicoPy<\/a>; no contentos buscan que armemos un juicio pol\u00edtico a cuestas de una historia inventada? Dejemonos de joder se\u00f1ores, no es momento. Todo mi apoyo para <a href=\"https:\/\/twitter.com\/sandra_quinonez?ref_src=twsrc%5Etfw\">@sandra_quinonez<\/a> y sus colaboradores.<\/p>\n<p>&mdash; Pedro Alliana (@AllianaPedro) <a href=\"https:\/\/twitter.com\/AllianaPedro\/status\/1254175254781534208?ref_src=twsrc%5Etfw\">April 25, 2020<\/a><\/p><\/blockquote>\n<p><script async src=\"https:\/\/platform.twitter.com\/widgets.js\" charset=\"utf-8\"><\/script><\/p>\n","protected":false},"excerpt":{"rendered":"<p>Ante el anuncio del diputado Liberal Edgar Acosta quien confirm\u00f3 que la pr\u00f3xima semana impulsar\u00e1 el juicio pol\u00edtico contra la fiscal General del Estado Sandra Qui\u00f1ones, el presidente de Diputados,&hellip; <\/p>\n","protected":false},"author":1,"featured_media":18476,"comment_status":"open","ping_status":"open","sticky":false,"template":"","format":"standard","meta":{"sfsi_plus_gutenberg_text_before_share":"","sfsi_plus_gutenberg_show_text_before_share":"","sfsi_plus_gutenberg_icon_type":"","sfsi_plus_gutenberg_icon_alignemt":"","sfsi_plus_gutenburg_max_per_row":"","footnotes":"","_jetpack_memberships_contains_paid_content":false,"jetpack_publicize_message":"","jetpack_publicize_feature_enabled":true,"jetpack_social_post_already_shared":false,"jetpack_social_options":{"image_generator_settings":{"template":"highway","enabled":false},"version":2}},"categories":[4],"tags":[],"jetpack_publicize_connections":[],"jetpack_sharing_enabled":true,"jetpack_featured_media_url":"https:\/\/agendaparaguay.com\/v2\/wp-content\/uploads\/2020\/03\/pedro_alliana_0320.jpeg","_links":{"self":[{"href":"https:\/\/agendaparaguay.com\/v2\/wp-json\/wp\/v2\/posts\/20209"}],"collection":[{"href":"https:\/\/agendaparaguay.com\/v2\/wp-json\/wp\/v2\/posts"}],"about":[{"href":"https:\/\/agendaparaguay.com\/v2\/wp-json\/wp\/v2\/types\/post"}],"author":[{"embeddable":true,"href":"https:\/\/agendaparaguay.com\/v2\/wp-json\/wp\/v2\/users\/1"}],"replies":[{"embeddable":true,"href":"https:\/\/agendaparaguay.com\/v2\/wp-json\/wp\/v2\/comments?post=20209"}],"version-history":[{"count":1,"href":"https:\/\/agendaparaguay.com\/v2\/wp-json\/wp\/v2\/posts\/20209\/revisions"}],"predecessor-version":[{"id":20210,"href":"https:\/\/agendaparaguay.com\/v2\/wp-json\/wp\/v2\/posts\/20209\/revisions\/20210"}],"wp:featuredmedia":[{"embeddable":true,"href":"https:\/\/agendaparaguay.com\/v2\/wp-json\/wp\/v2\/media\/18476"}],"wp:attachment":[{"href":"https:\/\/agendaparaguay.com\/v2\/wp-json\/wp\/v2\/media?parent=20209"}],"wp:term":[{"taxonomy":"category","embeddable":true,"href":"https:\/\/agendaparaguay.com\/v2\/wp-json\/wp\/v2\/categories?post=20209"},{"taxonomy":"post_tag","embeddable":true,"href":"https:\/\/agendaparaguay.com\/v2\/wp-json\/wp\/v2\/tags?post=20209"}],"curies":[{"name":"wp","href":"https:\/\/api.w.org\/{rel}","templated":true}]}}