{"id":20640,"date":"2020-05-10T20:32:54","date_gmt":"2020-05-11T00:32:54","guid":{"rendered":"http:\/\/agendaparaguay.com\/v2\/?p=20640"},"modified":"2020-05-10T20:32:54","modified_gmt":"2020-05-11T00:32:54","slug":"ejecutivo-informa-a-la-fiscalia-sobre-violacion-de-decreto-sobre-cuarentena-del-intendente-de-pjc","status":"publish","type":"post","link":"https:\/\/agendaparaguay.com\/v2\/2020\/05\/10\/ejecutivo-informa-a-la-fiscalia-sobre-violacion-de-decreto-sobre-cuarentena-del-intendente-de-pjc\/","title":{"rendered":"Ejecutivo informa a la Fiscal\u00eda sobre violaci\u00f3n de Decreto sobre cuarentena del Intendente de PJC"},"content":{"rendered":"<p style=\"text-align: justify;\">Comunicado mediante y tras concretarse la aparente violaci\u00f3n del Decreto Presidencial que establece el cierre de la frontera por COVID19, por parte del Intendente de Pedro Juan Caballero, Jos\u00e9 Carlos Acevedo, el Centro de Coordinaci\u00f3n Interinstitucional en apoyo al Ministerio de Salud P\u00fablica y Bienestar Social inform\u00f3 a la Fiscal\u00eda de dicha conducta.<!--more--><\/p>\n<p style=\"text-align: justify;\">El documento aclara que Acevedo, no tramit\u00f3 permiso para ingresar al pa\u00eds, luego de haber cruzado este domingo hacia el Brasil.<\/p>\n<p style=\"text-align: justify;\">El texto aclara adem\u00e1s que \u00abante el cierre de fronteras, sin excepci\u00f3n, las solicitudes de ingreso al pa\u00eds deben ser evaluadas, en el marco de la lucha contra la propagaci\u00f3n del coronavirus\u00bb<\/p>\n<p style=\"text-align: justify;\">EL Ministerio P\u00fablico ya hab\u00eda designado a la fiscala Camila Rojas como responsable de la investigaci\u00f3n de este hecho.<\/p>\n<blockquote class=\"twitter-tweet\" data-width=\"550\" data-dnt=\"true\">\n<p lang=\"es\" dir=\"ltr\">Confirman que desde el Centro de Coordinaci\u00f3n Interinstitucional de apoyo al <a href=\"https:\/\/twitter.com\/msaludpy?ref_src=twsrc%5Etfw\">@msaludpy<\/a> en el combate al COVID19 no tramit\u00f3 ning\u00fan permiso de salida y de ingreso al pa\u00eds del Intendente de PJC Jos\u00e9 Carlos Acevedo, quien hoy viol\u00f3 el Decreto presidencial y cruz\u00f3 al Brasil. <a href=\"https:\/\/t.co\/jZ1orxqE8t\">pic.twitter.com\/jZ1orxqE8t<\/a><\/p>\n<p>&mdash; Agenda Paraguay (@agparaguay) <a href=\"https:\/\/twitter.com\/agparaguay\/status\/1259632465976659968?ref_src=twsrc%5Etfw\">May 10, 2020<\/a><\/p><\/blockquote>\n<p><script async src=\"https:\/\/platform.twitter.com\/widgets.js\" charset=\"utf-8\"><\/script><\/p>\n<p>&nbsp;<\/p>\n","protected":false},"excerpt":{"rendered":"<p>Comunicado mediante y tras concretarse la aparente violaci\u00f3n del Decreto Presidencial que establece el cierre de la frontera por COVID19, por parte del Intendente de Pedro Juan Caballero, Jos\u00e9 Carlos&hellip; <\/p>\n","protected":false},"author":1,"featured_media":20641,"comment_status":"open","ping_status":"open","sticky":false,"template":"","format":"standard","meta":{"sfsi_plus_gutenberg_text_before_share":"","sfsi_plus_gutenberg_show_text_before_share":"","sfsi_plus_gutenberg_icon_type":"","sfsi_plus_gutenberg_icon_alignemt":"","sfsi_plus_gutenburg_max_per_row":"","footnotes":"","_jetpack_memberships_contains_paid_content":false,"jetpack_publicize_message":"","jetpack_publicize_feature_enabled":true,"jetpack_social_post_already_shared":false,"jetpack_social_options":{"image_generator_settings":{"template":"highway","enabled":false},"version":2}},"categories":[5],"tags":[],"jetpack_publicize_connections":[],"jetpack_sharing_enabled":true,"jetpack_featured_media_url":"https:\/\/agendaparaguay.com\/v2\/wp-content\/uploads\/2020\/05\/jose_carlos_acevedo.jpeg","_links":{"self":[{"href":"https:\/\/agendaparaguay.com\/v2\/wp-json\/wp\/v2\/posts\/20640"}],"collection":[{"href":"https:\/\/agendaparaguay.com\/v2\/wp-json\/wp\/v2\/posts"}],"about":[{"href":"https:\/\/agendaparaguay.com\/v2\/wp-json\/wp\/v2\/types\/post"}],"author":[{"embeddable":true,"href":"https:\/\/agendaparaguay.com\/v2\/wp-json\/wp\/v2\/users\/1"}],"replies":[{"embeddable":true,"href":"https:\/\/agendaparaguay.com\/v2\/wp-json\/wp\/v2\/comments?post=20640"}],"version-history":[{"count":1,"href":"https:\/\/agendaparaguay.com\/v2\/wp-json\/wp\/v2\/posts\/20640\/revisions"}],"predecessor-version":[{"id":20642,"href":"https:\/\/agendaparaguay.com\/v2\/wp-json\/wp\/v2\/posts\/20640\/revisions\/20642"}],"wp:featuredmedia":[{"embeddable":true,"href":"https:\/\/agendaparaguay.com\/v2\/wp-json\/wp\/v2\/media\/20641"}],"wp:attachment":[{"href":"https:\/\/agendaparaguay.com\/v2\/wp-json\/wp\/v2\/media?parent=20640"}],"wp:term":[{"taxonomy":"category","embeddable":true,"href":"https:\/\/agendaparaguay.com\/v2\/wp-json\/wp\/v2\/categories?post=20640"},{"taxonomy":"post_tag","embeddable":true,"href":"https:\/\/agendaparaguay.com\/v2\/wp-json\/wp\/v2\/tags?post=20640"}],"curies":[{"name":"wp","href":"https:\/\/api.w.org\/{rel}","templated":true}]}}