{"id":21168,"date":"2020-05-26T13:49:38","date_gmt":"2020-05-26T17:49:38","guid":{"rendered":"http:\/\/agendaparaguay.com\/v2\/?p=21168"},"modified":"2020-05-26T13:49:38","modified_gmt":"2020-05-26T17:49:38","slug":"centro-medico-amanecer-nunca-tuvo-ningun-vinculo-con-imedic-y-eurotec-afirma-abogado","status":"publish","type":"post","link":"https:\/\/agendaparaguay.com\/v2\/2020\/05\/26\/centro-medico-amanecer-nunca-tuvo-ningun-vinculo-con-imedic-y-eurotec-afirma-abogado\/","title":{"rendered":"\u00abCentro M\u00e9dico Amanecer nunca tuvo ning\u00fan vinculo con IMEDIC y EUROTEC\u00bb, afirma abogado."},"content":{"rendered":"<p style=\"text-align: justify;\">En di\u00e1logo con la 970 am, el abogado Crist\u00f3bal C\u00e1ceres Frutos se refiri\u00f3 al supuesto v\u00ednculo existente entre el Centro M\u00e9dico Amanecer y las empresas proveedoras de insumos sanitarios, Insumos M\u00e9dicos S. A (IMEDIC) y EUROTEC.<!--more--><\/p>\n<p style=\"text-align: justify;\">En este sentido, C\u00e1ceres Frutos asegur\u00f3 que Amanecer nunca mantuvo vinculaci\u00f3n de ning\u00fan tipo con las dos firmas mencionadas.<\/p>\n<p style=\"text-align: justify;\">\u00abLo que queremos es que se conozca la verdad y en representaci\u00f3n del Centro M\u00e9dico Amanecer queremos dejar bien en claro que esta empresa no tiene, ni tuvo ninguna vinculaci\u00f3n con Insumos M\u00e9dicos S.A. relacionado a todo el proceso generado por la Pandemia del Coronavirus. Y dejo en claro tambi\u00e9n que el centro m\u00e9dico Amanecer no vendi\u00f3, ni provey\u00f3 un solo tapaboca, ni al Estado, ni a ninguna empresa farmac\u00e9utica, de hecho no contamos con el registro sanitario para este efecto\u00bb, expres\u00f3 categ\u00f3ricamente el abogado C\u00e1ceres Frutos.<\/p>\n<p style=\"text-align: justify;\">A\u00f1adi\u00f3 que tuvo la oportunidad de ver una parte de un programa de televisi\u00f3n en cual pidieron la oportunidad del derecho a r\u00e9plica, con el fin de aclarar algunas imprecisiones cometidas en el citado programa. \u00abCreo que vamos a tener esta noche, y queremos aclarar que es falsa la informaci\u00f3n de un supuesto dep\u00f3sito bancario en la cuenta del Centro M\u00e9dico Amanecer, una supuesta transferencia que hicieron. Yo con los documentos a la vista quiero que quede bien en claro, porque ni en la cuenta de Amanecer ni en la cuenta de ninguno de los socios de la empresa existe una transferencia de este monto\u00bb, insisti\u00f3 el abogado.<\/p>\n<p style=\"text-align: justify;\">A\u00f1adi\u00f3 que las falsas informaciones difundidas en las \u00faltimas semanas ha da\u00f1ado enormemente a la firma que representa,<\/p>\n<p style=\"text-align: justify;\">\u00abEl perjuicio de una informaci\u00f3n falsa a una empresa que participa en licitaciones es muy grande, todo debe quedar en claro, estamos en absoluta disposici\u00f3n\u00bb, concluy\u00f3 C\u00e1ceres Frutos.<\/p>\n","protected":false},"excerpt":{"rendered":"<p>En di\u00e1logo con la 970 am, el abogado Crist\u00f3bal C\u00e1ceres Frutos se refiri\u00f3 al supuesto v\u00ednculo existente entre el Centro M\u00e9dico Amanecer y las empresas proveedoras de insumos sanitarios, Insumos&hellip; <\/p>\n","protected":false},"author":1,"featured_media":5137,"comment_status":"open","ping_status":"open","sticky":false,"template":"","format":"standard","meta":{"sfsi_plus_gutenberg_text_before_share":"","sfsi_plus_gutenberg_show_text_before_share":"","sfsi_plus_gutenberg_icon_type":"","sfsi_plus_gutenberg_icon_alignemt":"","sfsi_plus_gutenburg_max_per_row":"","footnotes":"","_jetpack_memberships_contains_paid_content":false,"jetpack_publicize_message":"","jetpack_publicize_feature_enabled":true,"jetpack_social_post_already_shared":false,"jetpack_social_options":{"image_generator_settings":{"template":"highway","enabled":false},"version":2}},"categories":[5],"tags":[],"jetpack_publicize_connections":[],"jetpack_sharing_enabled":true,"jetpack_featured_media_url":"https:\/\/agendaparaguay.com\/v2\/wp-content\/uploads\/2019\/02\/ministerio_salud_fachada.jpeg","_links":{"self":[{"href":"https:\/\/agendaparaguay.com\/v2\/wp-json\/wp\/v2\/posts\/21168"}],"collection":[{"href":"https:\/\/agendaparaguay.com\/v2\/wp-json\/wp\/v2\/posts"}],"about":[{"href":"https:\/\/agendaparaguay.com\/v2\/wp-json\/wp\/v2\/types\/post"}],"author":[{"embeddable":true,"href":"https:\/\/agendaparaguay.com\/v2\/wp-json\/wp\/v2\/users\/1"}],"replies":[{"embeddable":true,"href":"https:\/\/agendaparaguay.com\/v2\/wp-json\/wp\/v2\/comments?post=21168"}],"version-history":[{"count":1,"href":"https:\/\/agendaparaguay.com\/v2\/wp-json\/wp\/v2\/posts\/21168\/revisions"}],"predecessor-version":[{"id":21169,"href":"https:\/\/agendaparaguay.com\/v2\/wp-json\/wp\/v2\/posts\/21168\/revisions\/21169"}],"wp:featuredmedia":[{"embeddable":true,"href":"https:\/\/agendaparaguay.com\/v2\/wp-json\/wp\/v2\/media\/5137"}],"wp:attachment":[{"href":"https:\/\/agendaparaguay.com\/v2\/wp-json\/wp\/v2\/media?parent=21168"}],"wp:term":[{"taxonomy":"category","embeddable":true,"href":"https:\/\/agendaparaguay.com\/v2\/wp-json\/wp\/v2\/categories?post=21168"},{"taxonomy":"post_tag","embeddable":true,"href":"https:\/\/agendaparaguay.com\/v2\/wp-json\/wp\/v2\/tags?post=21168"}],"curies":[{"name":"wp","href":"https:\/\/api.w.org\/{rel}","templated":true}]}}