{"id":21334,"date":"2020-05-31T11:52:41","date_gmt":"2020-05-31T15:52:41","guid":{"rendered":"http:\/\/agendaparaguay.com\/v2\/?p=21334"},"modified":"2020-05-31T11:52:41","modified_gmt":"2020-05-31T15:52:41","slug":"caso-nino-herido-fiscal-dispuso-detencion-de-efectivos-policiales","status":"publish","type":"post","link":"https:\/\/agendaparaguay.com\/v2\/2020\/05\/31\/caso-nino-herido-fiscal-dispuso-detencion-de-efectivos-policiales\/","title":{"rendered":"Caso ni\u00f1o herido: Fiscal dispuso detenci\u00f3n de efectivos policiales"},"content":{"rendered":"<p style=\"text-align: justify;\">La agente fiscal Ana Girala interviene en el caso de la familia que fue disparada anoche por dos efectivos policiales, en San Lorenzo, Yvera, jurisdicci\u00f3n de la Comisaria Primera.<!--more--><\/p>\n<p style=\"text-align: justify;\">La fiscal dispuso la detenci\u00f3n de ambos uniformados, asi tambi\u00e9n la realizaci\u00f3n de la prueba de alcotest que result\u00f3 negativo, y pruebas de nitrito y nitrato.<\/p>\n<p style=\"text-align: justify;\">Solicit\u00f3 adem\u00e1s im\u00e1genes de circuito cerrado de la zona e informes sobre la orden de trabajo de los efectivos a fin de indagar sobre el tipo de procedimiento que estaban realizando en el sitio donde se inici\u00f3 la persecuci\u00f3n contra el m\u00f3vil particular.<\/p>\n<p style=\"text-align: justify;\">El veh\u00edculo, presumiblemente una Toyota Run (de color negro) recibi\u00f3 varios impactos de bala y uno de ellos hiri\u00f3 a un ni\u00f1o que se encontraba en el interior, en el asiento trasero.<\/p>\n<p style=\"text-align: justify;\">El veh\u00edculo sigui\u00f3 unos kil\u00f3metros m\u00e1s deteni\u00e9ndose en un lugar p\u00fablico donde el padre solicit\u00f3 ayuda, testigos socorrieron al menor quien fue trasladado de urgencia para recibir asistencia m\u00e9dica.<\/p>\n<p style=\"text-align: justify;\">La familia que se trasladaba con un beb\u00e9 y un ni\u00f1o regresaba a su casa anoche, cuando fue interceptada por dos efectivos policiales, el hombre a fin de no ser multado evadi\u00f3 el control y fue perseguido por ambos uniformados, en un trayecto de casi 8 km, durante el cual se produjeron los diferentes disparos contra el Toyota particular.<\/p>\n","protected":false},"excerpt":{"rendered":"<p>La agente fiscal Ana Girala interviene en el caso de la familia que fue disparada anoche por dos efectivos policiales, en San Lorenzo, Yvera, jurisdicci\u00f3n de la Comisaria Primera.<\/p>\n","protected":false},"author":1,"featured_media":6900,"comment_status":"open","ping_status":"open","sticky":false,"template":"","format":"standard","meta":{"sfsi_plus_gutenberg_text_before_share":"","sfsi_plus_gutenberg_show_text_before_share":"","sfsi_plus_gutenberg_icon_type":"","sfsi_plus_gutenberg_icon_alignemt":"","sfsi_plus_gutenburg_max_per_row":"","footnotes":"","_jetpack_memberships_contains_paid_content":false,"jetpack_publicize_message":"","jetpack_publicize_feature_enabled":true,"jetpack_social_post_already_shared":false,"jetpack_social_options":{"image_generator_settings":{"template":"highway","enabled":false},"version":2}},"categories":[5],"tags":[],"jetpack_publicize_connections":[],"jetpack_sharing_enabled":true,"jetpack_featured_media_url":"https:\/\/agendaparaguay.com\/v2\/wp-content\/uploads\/2019\/04\/emergencias_medicas.jpg","_links":{"self":[{"href":"https:\/\/agendaparaguay.com\/v2\/wp-json\/wp\/v2\/posts\/21334"}],"collection":[{"href":"https:\/\/agendaparaguay.com\/v2\/wp-json\/wp\/v2\/posts"}],"about":[{"href":"https:\/\/agendaparaguay.com\/v2\/wp-json\/wp\/v2\/types\/post"}],"author":[{"embeddable":true,"href":"https:\/\/agendaparaguay.com\/v2\/wp-json\/wp\/v2\/users\/1"}],"replies":[{"embeddable":true,"href":"https:\/\/agendaparaguay.com\/v2\/wp-json\/wp\/v2\/comments?post=21334"}],"version-history":[{"count":1,"href":"https:\/\/agendaparaguay.com\/v2\/wp-json\/wp\/v2\/posts\/21334\/revisions"}],"predecessor-version":[{"id":21335,"href":"https:\/\/agendaparaguay.com\/v2\/wp-json\/wp\/v2\/posts\/21334\/revisions\/21335"}],"wp:featuredmedia":[{"embeddable":true,"href":"https:\/\/agendaparaguay.com\/v2\/wp-json\/wp\/v2\/media\/6900"}],"wp:attachment":[{"href":"https:\/\/agendaparaguay.com\/v2\/wp-json\/wp\/v2\/media?parent=21334"}],"wp:term":[{"taxonomy":"category","embeddable":true,"href":"https:\/\/agendaparaguay.com\/v2\/wp-json\/wp\/v2\/categories?post=21334"},{"taxonomy":"post_tag","embeddable":true,"href":"https:\/\/agendaparaguay.com\/v2\/wp-json\/wp\/v2\/tags?post=21334"}],"curies":[{"name":"wp","href":"https:\/\/api.w.org\/{rel}","templated":true}]}}