{"id":21358,"date":"2020-06-01T12:30:26","date_gmt":"2020-06-01T16:30:26","guid":{"rendered":"http:\/\/agendaparaguay.com\/v2\/?p=21358"},"modified":"2020-06-01T12:27:21","modified_gmt":"2020-06-01T16:27:21","slug":"efrain-alegre-debe-renunciar-si-es-coherente-segun-senador","status":"publish","type":"post","link":"https:\/\/agendaparaguay.com\/v2\/2020\/06\/01\/efrain-alegre-debe-renunciar-si-es-coherente-segun-senador\/","title":{"rendered":"Efra\u00edn Alegre debe renunciar si es coherente, seg\u00fan senador."},"content":{"rendered":"<p style=\"text-align: justify;\">A criterio del senador Fernando Silva Facetti, si el presidente de su partido Efra\u00edn alegre va ser \u00abcoherente\u00bb debe renunciar al cargo.<!--more--><\/p>\n<p style=\"text-align: justify;\">En declaraciones a Radio \u00d1andut\u00ed, Silva Facetti explic\u00f3 que no corresponde las imputaciones de Pacual Ben\u00edtez y Luis Moris, ya que seg\u00fan a\u00f1adi\u00f3 el legislador, ambos presentaron en tiempo y forma sus respectivas rendiciones de cuentas.<\/p>\n<p style=\"text-align: justify;\">Resalt\u00f3 que en todo caso, quienes debieron ser imputados son Javier Mor\u00ednigo (Administrador del partido) y Primio Arce (Vicedirector de la Justicia electoral), considerando que son supuestamente los responsables de llamar y solicitar a los dirigentes del Alto Paran\u00e1 facturas por mayor monto para justificar los gastos electorales.<\/p>\n<p style=\"text-align: justify;\">Cabe destacar que esta ma\u00f1ana, el fiscal Edgar S\u00e1nchez imput\u00f3 al presidente del PLRA, Efra\u00edn Alegre, al igual que a Pascual Ben\u00edtez y Lu\u00eds Moriz, por \u00abproducci\u00f3n de documentos no aut\u00e9nticos, producci\u00f3n de documentos p\u00fablicos de contenido falso y uso de documentos p\u00fablicos de contenido falso\u00bb<\/p>\n","protected":false},"excerpt":{"rendered":"<p>A criterio del senador Fernando Silva Facetti, si el presidente de su partido Efra\u00edn alegre va ser \u00abcoherente\u00bb debe renunciar al cargo.<\/p>\n","protected":false},"author":1,"featured_media":10527,"comment_status":"open","ping_status":"open","sticky":false,"template":"","format":"standard","meta":{"sfsi_plus_gutenberg_text_before_share":"","sfsi_plus_gutenberg_show_text_before_share":"","sfsi_plus_gutenberg_icon_type":"","sfsi_plus_gutenberg_icon_alignemt":"","sfsi_plus_gutenburg_max_per_row":"","footnotes":"","_jetpack_memberships_contains_paid_content":false,"jetpack_publicize_message":"","jetpack_publicize_feature_enabled":true,"jetpack_social_post_already_shared":false,"jetpack_social_options":{"image_generator_settings":{"template":"highway","enabled":false},"version":2}},"categories":[3],"tags":[],"jetpack_publicize_connections":[],"jetpack_sharing_enabled":true,"jetpack_featured_media_url":"https:\/\/agendaparaguay.com\/v2\/wp-content\/uploads\/2019\/07\/sen_fernando_silva_facetti_321.jpeg","_links":{"self":[{"href":"https:\/\/agendaparaguay.com\/v2\/wp-json\/wp\/v2\/posts\/21358"}],"collection":[{"href":"https:\/\/agendaparaguay.com\/v2\/wp-json\/wp\/v2\/posts"}],"about":[{"href":"https:\/\/agendaparaguay.com\/v2\/wp-json\/wp\/v2\/types\/post"}],"author":[{"embeddable":true,"href":"https:\/\/agendaparaguay.com\/v2\/wp-json\/wp\/v2\/users\/1"}],"replies":[{"embeddable":true,"href":"https:\/\/agendaparaguay.com\/v2\/wp-json\/wp\/v2\/comments?post=21358"}],"version-history":[{"count":1,"href":"https:\/\/agendaparaguay.com\/v2\/wp-json\/wp\/v2\/posts\/21358\/revisions"}],"predecessor-version":[{"id":21359,"href":"https:\/\/agendaparaguay.com\/v2\/wp-json\/wp\/v2\/posts\/21358\/revisions\/21359"}],"wp:featuredmedia":[{"embeddable":true,"href":"https:\/\/agendaparaguay.com\/v2\/wp-json\/wp\/v2\/media\/10527"}],"wp:attachment":[{"href":"https:\/\/agendaparaguay.com\/v2\/wp-json\/wp\/v2\/media?parent=21358"}],"wp:term":[{"taxonomy":"category","embeddable":true,"href":"https:\/\/agendaparaguay.com\/v2\/wp-json\/wp\/v2\/categories?post=21358"},{"taxonomy":"post_tag","embeddable":true,"href":"https:\/\/agendaparaguay.com\/v2\/wp-json\/wp\/v2\/tags?post=21358"}],"curies":[{"name":"wp","href":"https:\/\/api.w.org\/{rel}","templated":true}]}}