{"id":21437,"date":"2020-06-03T14:30:53","date_gmt":"2020-06-03T18:30:53","guid":{"rendered":"http:\/\/agendaparaguay.com\/v2\/?p=21437"},"modified":"2020-06-03T12:08:52","modified_gmt":"2020-06-03T16:08:52","slug":"sequera-afirma-que-no-quieren-retroceder-en-las-fases-pero-todo-depende-de-la-gente","status":"publish","type":"post","link":"https:\/\/agendaparaguay.com\/v2\/2020\/06\/03\/sequera-afirma-que-no-quieren-retroceder-en-las-fases-pero-todo-depende-de-la-gente\/","title":{"rendered":"Sequera afirma que no quieren retroceder en las fases pero todo depende de la gente"},"content":{"rendered":"<p>En la medida que avanza la Fase 2 de la Cuarentena Inteligente se realizan las evaluaciones y el relajo de la gente puede complicar los avances de las etapas, reiter\u00f3 el Dr. Guillermo Sequera, Director de Vigilancia de la Salud del Ministerio de Salud P\u00fablica.<!--more--><\/p>\n<p>En este marco, Sequera record\u00f3 a la ciudadan\u00eda que depende de la conciencia y la conducta de todos avanzar hacia la liberaci\u00f3n total de actividades o retroceder en las etapas y volver a la cuarentena total obligatoria.<\/p>\n<p>\u00abMe preocupa la relajaci\u00f3n de la gente. No queremos retroceder\u00bb, a\u00f1adi\u00f3.<\/p>\n<p>Reiter\u00f3 que el cumplimiento del protocolo sanitario es clave en la lucha contra la propagaci\u00f3n del Coronavirus.<\/p>\n","protected":false},"excerpt":{"rendered":"<p>En la medida que avanza la Fase 2 de la Cuarentena Inteligente se realizan las evaluaciones y el relajo de la gente puede complicar los avances de las etapas, reiter\u00f3&hellip; <\/p>\n","protected":false},"author":1,"featured_media":8943,"comment_status":"open","ping_status":"open","sticky":false,"template":"","format":"standard","meta":{"sfsi_plus_gutenberg_text_before_share":"","sfsi_plus_gutenberg_show_text_before_share":"","sfsi_plus_gutenberg_icon_type":"","sfsi_plus_gutenberg_icon_alignemt":"","sfsi_plus_gutenburg_max_per_row":"","footnotes":"","_jetpack_memberships_contains_paid_content":false,"jetpack_publicize_message":"","jetpack_publicize_feature_enabled":true,"jetpack_social_post_already_shared":false,"jetpack_social_options":{"image_generator_settings":{"template":"highway","enabled":false},"version":2}},"categories":[5],"tags":[],"jetpack_publicize_connections":[],"jetpack_sharing_enabled":true,"jetpack_featured_media_url":"https:\/\/agendaparaguay.com\/v2\/wp-content\/uploads\/2019\/06\/dr_guillermo_sequera.jpg","_links":{"self":[{"href":"https:\/\/agendaparaguay.com\/v2\/wp-json\/wp\/v2\/posts\/21437"}],"collection":[{"href":"https:\/\/agendaparaguay.com\/v2\/wp-json\/wp\/v2\/posts"}],"about":[{"href":"https:\/\/agendaparaguay.com\/v2\/wp-json\/wp\/v2\/types\/post"}],"author":[{"embeddable":true,"href":"https:\/\/agendaparaguay.com\/v2\/wp-json\/wp\/v2\/users\/1"}],"replies":[{"embeddable":true,"href":"https:\/\/agendaparaguay.com\/v2\/wp-json\/wp\/v2\/comments?post=21437"}],"version-history":[{"count":1,"href":"https:\/\/agendaparaguay.com\/v2\/wp-json\/wp\/v2\/posts\/21437\/revisions"}],"predecessor-version":[{"id":21438,"href":"https:\/\/agendaparaguay.com\/v2\/wp-json\/wp\/v2\/posts\/21437\/revisions\/21438"}],"wp:featuredmedia":[{"embeddable":true,"href":"https:\/\/agendaparaguay.com\/v2\/wp-json\/wp\/v2\/media\/8943"}],"wp:attachment":[{"href":"https:\/\/agendaparaguay.com\/v2\/wp-json\/wp\/v2\/media?parent=21437"}],"wp:term":[{"taxonomy":"category","embeddable":true,"href":"https:\/\/agendaparaguay.com\/v2\/wp-json\/wp\/v2\/categories?post=21437"},{"taxonomy":"post_tag","embeddable":true,"href":"https:\/\/agendaparaguay.com\/v2\/wp-json\/wp\/v2\/tags?post=21437"}],"curies":[{"name":"wp","href":"https:\/\/api.w.org\/{rel}","templated":true}]}}