{"id":21455,"date":"2020-06-03T18:40:59","date_gmt":"2020-06-03T22:40:59","guid":{"rendered":"http:\/\/agendaparaguay.com\/v2\/?p=21455"},"modified":"2020-06-03T18:08:20","modified_gmt":"2020-06-03T22:08:20","slug":"romero-roa-accionara-ante-la-corte-suprema-contra-su-remocion-del-jem","status":"publish","type":"post","link":"https:\/\/agendaparaguay.com\/v2\/2020\/06\/03\/romero-roa-accionara-ante-la-corte-suprema-contra-su-remocion-del-jem\/","title":{"rendered":"Romero Roa accionar\u00e1 ante la Corte Suprema contra su remoci\u00f3n del JEM"},"content":{"rendered":"<p style=\"text-align: justify;\">El diputado Ram\u00f3n Romero Roa quien esta tarde fue removido del cargo de representante de la c\u00e1mara de Diputados ante el Jurado de Enjuiciamiento de Magistrados JEM, confirm\u00f3 que accionar\u00e1 ante la Corte Suprema de Justicia.Fue reemplazado por su colega de Honor Colorado, Hern\u00e1n Rivas.<!--more--><\/p>\n<p style=\"text-align: justify;\">El mismo fue designado el 4 de julio del 2018 y su mandato fenec\u00eda en el 2023, pero una mayor\u00eda coyuntural lo removi\u00f3 hoy del cargo.<\/p>\n<p style=\"text-align: justify;\">Romero Roa, se mostr\u00f3 sorprendido por la decisi\u00f3n de sus pares y asegur\u00f3 que \u00e9ste es un proceso irregular, arguyendo que ley establece que la representaci\u00f3n ante el JEM sea hasta el final del mandato del legislador asignado, es decir, cinco a\u00f1os.<\/p>\n<p style=\"text-align: justify;\">Varios legisladores de la oposici\u00f3n se pronunciaron en contra de su remoci\u00f3n, como la diputada Roc\u00edo Vallejo quien en nombre de la bancada de Patria Querida, dej\u00f3 constancia de que el cambio es \u201cilegal\u201d.<\/p>\n<p style=\"text-align: justify;\">En el mismo sentido el diputado Edgar Acosta, sostuvo que \u201ctener la mayor\u00eda no significa tener la raz\u00f3n y eso se debe cuidar; acuerdos pol\u00edticos no deben permitir que se realicen actos que queden fuera de la legalidad; hoy votar\u00e9 en contra por dos motivos, primero, porque lo que se est\u00e1 haciendo es ilegal y, segundo, porque creo que Romero Roa hace bien su tarea\u201d, puntualiz\u00f3.<\/p>\n","protected":false},"excerpt":{"rendered":"<p>El diputado Ram\u00f3n Romero Roa quien esta tarde fue removido del cargo de representante de la c\u00e1mara de Diputados ante el Jurado de Enjuiciamiento de Magistrados JEM, confirm\u00f3 que accionar\u00e1&hellip; <\/p>\n","protected":false},"author":1,"featured_media":7975,"comment_status":"open","ping_status":"open","sticky":false,"template":"","format":"standard","meta":{"sfsi_plus_gutenberg_text_before_share":"","sfsi_plus_gutenberg_show_text_before_share":"","sfsi_plus_gutenberg_icon_type":"","sfsi_plus_gutenberg_icon_alignemt":"","sfsi_plus_gutenburg_max_per_row":"","footnotes":"","_jetpack_memberships_contains_paid_content":false,"jetpack_publicize_message":"","jetpack_publicize_feature_enabled":true,"jetpack_social_post_already_shared":false,"jetpack_social_options":{"image_generator_settings":{"template":"highway","enabled":false},"version":2}},"categories":[5],"tags":[],"jetpack_publicize_connections":[],"jetpack_sharing_enabled":true,"jetpack_featured_media_url":"https:\/\/agendaparaguay.com\/v2\/wp-content\/uploads\/2019\/05\/romero_roaOP.jpg","_links":{"self":[{"href":"https:\/\/agendaparaguay.com\/v2\/wp-json\/wp\/v2\/posts\/21455"}],"collection":[{"href":"https:\/\/agendaparaguay.com\/v2\/wp-json\/wp\/v2\/posts"}],"about":[{"href":"https:\/\/agendaparaguay.com\/v2\/wp-json\/wp\/v2\/types\/post"}],"author":[{"embeddable":true,"href":"https:\/\/agendaparaguay.com\/v2\/wp-json\/wp\/v2\/users\/1"}],"replies":[{"embeddable":true,"href":"https:\/\/agendaparaguay.com\/v2\/wp-json\/wp\/v2\/comments?post=21455"}],"version-history":[{"count":1,"href":"https:\/\/agendaparaguay.com\/v2\/wp-json\/wp\/v2\/posts\/21455\/revisions"}],"predecessor-version":[{"id":21456,"href":"https:\/\/agendaparaguay.com\/v2\/wp-json\/wp\/v2\/posts\/21455\/revisions\/21456"}],"wp:featuredmedia":[{"embeddable":true,"href":"https:\/\/agendaparaguay.com\/v2\/wp-json\/wp\/v2\/media\/7975"}],"wp:attachment":[{"href":"https:\/\/agendaparaguay.com\/v2\/wp-json\/wp\/v2\/media?parent=21455"}],"wp:term":[{"taxonomy":"category","embeddable":true,"href":"https:\/\/agendaparaguay.com\/v2\/wp-json\/wp\/v2\/categories?post=21455"},{"taxonomy":"post_tag","embeddable":true,"href":"https:\/\/agendaparaguay.com\/v2\/wp-json\/wp\/v2\/tags?post=21455"}],"curies":[{"name":"wp","href":"https:\/\/api.w.org\/{rel}","templated":true}]}}