{"id":21600,"date":"2020-06-08T18:20:52","date_gmt":"2020-06-08T22:20:52","guid":{"rendered":"http:\/\/agendaparaguay.com\/v2\/?p=21600"},"modified":"2020-06-08T17:43:44","modified_gmt":"2020-06-08T21:43:44","slug":"cerca-de-40-personas-entraron-en-contacto-con-primer-caso-covid-de-concepcion","status":"publish","type":"post","link":"https:\/\/agendaparaguay.com\/v2\/2020\/06\/08\/cerca-de-40-personas-entraron-en-contacto-con-primer-caso-covid-de-concepcion\/","title":{"rendered":"Cerca de 40 personas entraron en contacto con primer caso COVID de Concepci\u00f3n"},"content":{"rendered":"<p style=\"text-align: justify;\">El primer caso positivo de COVID19 en Concepci\u00f3n es un hombre de 70 a\u00f1os, considerado como sin nexo y entr\u00f3 en contacto con unas 40 personas aproximadamente.<!--more--><\/p>\n<p style=\"text-align: justify;\">Seg\u00fan inform\u00f3 el Sr. Hugo Cabrera, Director de la primera Regi\u00f3n Sanitaria, el hombre ingres\u00f3 a la unidad de Terapia Intensiva por una descompensaci\u00f3n metab\u00f3lica y aunque no requiri\u00f3 asistencia respiratoria sin embargo su estado es delicado. Por protocolo se le practic\u00f3 la prueba de COVID19, lo que dio positivo.<\/p>\n<p style=\"text-align: justify;\">En la b\u00fasqueda de contactos que mantuvo el paciente antes de ser internado, se encontr\u00f3 que se relacion\u00f3 con unas 40 personas, entre ellas, personal m\u00e9dico del Hospital Regional.<\/p>\n","protected":false},"excerpt":{"rendered":"<p>El primer caso positivo de COVID19 en Concepci\u00f3n es un hombre de 70 a\u00f1os, considerado como sin nexo y entr\u00f3 en contacto con unas 40 personas aproximadamente.<\/p>\n","protected":false},"author":1,"featured_media":20371,"comment_status":"open","ping_status":"open","sticky":false,"template":"","format":"standard","meta":{"sfsi_plus_gutenberg_text_before_share":"","sfsi_plus_gutenberg_show_text_before_share":"","sfsi_plus_gutenberg_icon_type":"","sfsi_plus_gutenberg_icon_alignemt":"","sfsi_plus_gutenburg_max_per_row":"","footnotes":"","_jetpack_memberships_contains_paid_content":false,"jetpack_publicize_message":"","jetpack_publicize_feature_enabled":true,"jetpack_social_post_already_shared":false,"jetpack_social_options":{"image_generator_settings":{"template":"highway","enabled":false},"version":2}},"categories":[5],"tags":[],"jetpack_publicize_connections":[],"jetpack_sharing_enabled":true,"jetpack_featured_media_url":"https:\/\/agendaparaguay.com\/v2\/wp-content\/uploads\/2020\/05\/coronavirus_3_2503.jpg","_links":{"self":[{"href":"https:\/\/agendaparaguay.com\/v2\/wp-json\/wp\/v2\/posts\/21600"}],"collection":[{"href":"https:\/\/agendaparaguay.com\/v2\/wp-json\/wp\/v2\/posts"}],"about":[{"href":"https:\/\/agendaparaguay.com\/v2\/wp-json\/wp\/v2\/types\/post"}],"author":[{"embeddable":true,"href":"https:\/\/agendaparaguay.com\/v2\/wp-json\/wp\/v2\/users\/1"}],"replies":[{"embeddable":true,"href":"https:\/\/agendaparaguay.com\/v2\/wp-json\/wp\/v2\/comments?post=21600"}],"version-history":[{"count":1,"href":"https:\/\/agendaparaguay.com\/v2\/wp-json\/wp\/v2\/posts\/21600\/revisions"}],"predecessor-version":[{"id":21601,"href":"https:\/\/agendaparaguay.com\/v2\/wp-json\/wp\/v2\/posts\/21600\/revisions\/21601"}],"wp:featuredmedia":[{"embeddable":true,"href":"https:\/\/agendaparaguay.com\/v2\/wp-json\/wp\/v2\/media\/20371"}],"wp:attachment":[{"href":"https:\/\/agendaparaguay.com\/v2\/wp-json\/wp\/v2\/media?parent=21600"}],"wp:term":[{"taxonomy":"category","embeddable":true,"href":"https:\/\/agendaparaguay.com\/v2\/wp-json\/wp\/v2\/categories?post=21600"},{"taxonomy":"post_tag","embeddable":true,"href":"https:\/\/agendaparaguay.com\/v2\/wp-json\/wp\/v2\/tags?post=21600"}],"curies":[{"name":"wp","href":"https:\/\/api.w.org\/{rel}","templated":true}]}}