{"id":21741,"date":"2020-06-11T22:08:18","date_gmt":"2020-06-12T02:08:18","guid":{"rendered":"http:\/\/agendaparaguay.com\/v2\/?p=21741"},"modified":"2020-06-11T22:08:18","modified_gmt":"2020-06-12T02:08:18","slug":"covid-en-brasil-1239-muertos-en-24-horas-y-llegan-a-40-000-decesos-y-800-000-casos","status":"publish","type":"post","link":"https:\/\/agendaparaguay.com\/v2\/2020\/06\/11\/covid-en-brasil-1239-muertos-en-24-horas-y-llegan-a-40-000-decesos-y-800-000-casos\/","title":{"rendered":"COVID en Brasil: 1239 muertos en 24 horas y llegan a 40.000 decesos y 800.000 casos"},"content":{"rendered":"<p style=\"text-align: justify;\">Brasil super\u00f3 este jueves los 40.000 muertos por coronavirus y los 800.000 casos, seg\u00fan el \u00faltimo balance del Ministerio de Salud. El gigante sudamericano, de 212 millones de habitantes, registr\u00f3 40.919 fallecidos, de los cuales 1.239 tuvieron lugar en las \u00faltimas 24 horas. El total de contagios, en tanto, asciende a 802.828. Es la segunda cifra m\u00e1s alta del mundo despu\u00e9s de Estados Unidos.<!--more--><\/p>\n<p style=\"text-align: justify;\">Asimismo, se espera que Brasil supere pr\u00f3ximamente al Reino Unido (41.279 muertos), como el segundo pa\u00eds con m\u00e1s fallecidos por COVID-19.<\/p>\n<p style=\"text-align: justify;\">No obstante, la mayor\u00eda de los expertos consideran que las cifras oficiales est\u00e1n muy por debajo de la realidad, debido a la falta de pruebas de detecci\u00f3n del coronavirus.<\/p>\n<p style=\"text-align: justify;\">Pese al aumento de muertos e infectados, las ciudades de San Pablo y R\u00edo de Janeiro, dos de las m\u00e1s pobladas de Brasil y las m\u00e1s afectadas por la pandemia, reabrieron sus centros comerciales este jueves.<\/p>\n<p style=\"text-align: justify;\">A pesar del acelerado ritmo de expansi\u00f3n de la enfermedad, diversos estados y ciudades, entre ellas San Pablo y R\u00edo, han flexibilizado las medidas de aislamiento y reabierto sus comercios y centros comerciales, lo que ha generado un aluvi\u00f3n de cr\u00edticas de especialistas y cient\u00edficos, quienes alertan de que el pa\u00eds solo deber\u00e1 alcanzar el pico de la curva de contagio en julio.<\/p>\n<p style=\"text-align: justify;\">Este mismo jueves, el estado de San Pablo, con unos 46 millones de habitantes y epicentro de la pandemia en el pa\u00eds, super\u00f3 la barrera simb\u00f3lica de 10.000 fallecidos por COVID-19, tras romper r\u00e9cord de muertos diarios tanto el martes como el mi\u00e9rcoles.<\/p>\n<p style=\"text-align: justify;\">Pero eso no impidi\u00f3 que centenas de personas se aglomeraran en las principales calles de comercio y a las puertas de los centros comerciales en este primer d\u00eda de reapertura, que coincide con el festivo nacional de Corpus Christi, en la capital paulista.<\/p>\n<p style=\"text-align: justify;\">La Alcald\u00eda de la mayor ciudad de Am\u00e9rica Latina condicion\u00f3 la reapertura de los establecimientos a la adhesi\u00f3n de una serie de medidas sanitarias, como el respeto al distanciamiento social, el uso de mascarillas, un horario de funcionamiento reducido a cuatro horas diarias y una ocupaci\u00f3n m\u00e1xima de un 20 % del aforo total.<\/p>\n<p style=\"text-align: justify;\">Con respecto a R\u00edo de Janeiro, los establecimientos cariocas tambi\u00e9n deber\u00e1n contar con un protocolo para contener el avance de la COVID-19, como la implementaci\u00f3n de felpudos sanitarios, la desinfecci\u00f3n en las \u00e1reas comunes o el refuerzo en la limpieza de aires condicionados e instalaciones.<\/p>\n<p style=\"text-align: justify;\">Seg\u00fan la Asociaci\u00f3n Brasile\u00f1a de los Centros Comerciales (Abrasce), con la retomada del sector en las capitales paulista y fluminense, ya son 385 centros comerciales en funcionamiento en todo Brasil, lo que representa un 66 % de los m\u00e1s de 570 establecimientos del pa\u00eds.<\/p>\n<p style=\"text-align: justify;\">Si bien reconoci\u00f3 que el momento no es el \u201cideal\u201d debido a la \u201cterrible situaci\u00f3n\u201d que el pa\u00eds atraviesa, el presidente de Abrasce, Glauco Humai, se\u00f1al\u00f3 a la agencia EFE que se han adoptado \u201cm\u00e1s de 20 medidas de prevenci\u00f3n\u201d para mitigar el riesgo de contagio. Complet\u00f3 que la \u00abexperiencia\u00bb observada en algunas ciudades del pa\u00eds, que han reabierto sus centros comerciales hace ya 45 d\u00edas, muestra que la retomada gradual de las actividades es \u00abposible\u00bb.<\/p>\n<p style=\"text-align: justify;\">\u201cVamos a seguir practicando las mismas medidas rigurosas\u201d y \u201cestamos muy tranquilos con respecto al protocolo sanitario\u201d, asegur\u00f3.<\/p>\n<p style=\"text-align: justify;\">Humai agreg\u00f3 que las ciudades de San Pablo y R\u00edo de Janeiro decidieron reabrir los establecimientos tras un periodo de 83 y 85 d\u00edas, respectivamente, lo que representa \u201cun impacto bastante grande y perjudicial\u201d para el sector.<br \/>\nFuente: Infobae.com<\/p>\n","protected":false},"excerpt":{"rendered":"<p>Brasil super\u00f3 este jueves los 40.000 muertos por coronavirus y los 800.000 casos, seg\u00fan el \u00faltimo balance del Ministerio de Salud. El gigante sudamericano, de 212 millones de habitantes, registr\u00f3&hellip; <\/p>\n","protected":false},"author":1,"featured_media":19542,"comment_status":"open","ping_status":"open","sticky":false,"template":"","format":"standard","meta":{"sfsi_plus_gutenberg_text_before_share":"","sfsi_plus_gutenberg_show_text_before_share":"","sfsi_plus_gutenberg_icon_type":"","sfsi_plus_gutenberg_icon_alignemt":"","sfsi_plus_gutenburg_max_per_row":"","footnotes":"","_jetpack_memberships_contains_paid_content":false,"jetpack_publicize_message":"","jetpack_publicize_feature_enabled":true,"jetpack_social_post_already_shared":false,"jetpack_social_options":{"image_generator_settings":{"template":"highway","enabled":false},"version":2}},"categories":[6],"tags":[],"jetpack_publicize_connections":[],"jetpack_sharing_enabled":true,"jetpack_featured_media_url":"https:\/\/agendaparaguay.com\/v2\/wp-content\/uploads\/2020\/04\/brasil_cementerio_coronavirus.jpg","_links":{"self":[{"href":"https:\/\/agendaparaguay.com\/v2\/wp-json\/wp\/v2\/posts\/21741"}],"collection":[{"href":"https:\/\/agendaparaguay.com\/v2\/wp-json\/wp\/v2\/posts"}],"about":[{"href":"https:\/\/agendaparaguay.com\/v2\/wp-json\/wp\/v2\/types\/post"}],"author":[{"embeddable":true,"href":"https:\/\/agendaparaguay.com\/v2\/wp-json\/wp\/v2\/users\/1"}],"replies":[{"embeddable":true,"href":"https:\/\/agendaparaguay.com\/v2\/wp-json\/wp\/v2\/comments?post=21741"}],"version-history":[{"count":1,"href":"https:\/\/agendaparaguay.com\/v2\/wp-json\/wp\/v2\/posts\/21741\/revisions"}],"predecessor-version":[{"id":21742,"href":"https:\/\/agendaparaguay.com\/v2\/wp-json\/wp\/v2\/posts\/21741\/revisions\/21742"}],"wp:featuredmedia":[{"embeddable":true,"href":"https:\/\/agendaparaguay.com\/v2\/wp-json\/wp\/v2\/media\/19542"}],"wp:attachment":[{"href":"https:\/\/agendaparaguay.com\/v2\/wp-json\/wp\/v2\/media?parent=21741"}],"wp:term":[{"taxonomy":"category","embeddable":true,"href":"https:\/\/agendaparaguay.com\/v2\/wp-json\/wp\/v2\/categories?post=21741"},{"taxonomy":"post_tag","embeddable":true,"href":"https:\/\/agendaparaguay.com\/v2\/wp-json\/wp\/v2\/tags?post=21741"}],"curies":[{"name":"wp","href":"https:\/\/api.w.org\/{rel}","templated":true}]}}