{"id":22470,"date":"2020-07-02T08:00:16","date_gmt":"2020-07-02T12:00:16","guid":{"rendered":"http:\/\/agendaparaguay.com\/v2\/?p=22470"},"modified":"2020-07-01T21:48:24","modified_gmt":"2020-07-02T01:48:24","slug":"senado-estudiara-hoy-proyecto-que-recorta-gastos-superfluos","status":"publish","type":"post","link":"https:\/\/agendaparaguay.com\/v2\/2020\/07\/02\/senado-estudiara-hoy-proyecto-que-recorta-gastos-superfluos\/","title":{"rendered":"Senado estudiar\u00e1 hoy proyecto que recorta gastos superfluos"},"content":{"rendered":"<p style=\"text-align: justify;\">La c\u00e1mara de Senadores sesionar\u00e1 hoy desde las 9:00 horas, por primera vez bajo la presidencia de Oscar Salom\u00f3n, y tiene en agenda un total de 9 proyectos a ser estudiados por el pleno. Antes, los legisladores deber\u00e1n establecer los d\u00edas y horarios de reuniones de mesa directiva y sesiones ordinarias.<!--more--><\/p>\n<p style=\"text-align: justify;\">Uno de los puntos m\u00e1s importantes refiere al proyecto de ley \u201cQue establece medidas de racionalizaci\u00f3n del gasto p\u00fablico\u201d, aprobado por el Senado y modificado por los diputados. La c\u00e1mara alta deber\u00e1 pronunciarse en la fecha y decidir si acepta los cambios introducidos en Diputados, o se ratifica en su sanci\u00f3n inicial. Para la ratificaci\u00f3n se requerir\u00e1 la mayor\u00eda absoluta es decir, 23 votos.<\/p>\n<p style=\"text-align: justify;\">La normativa establece que ning\u00fan funcionario p\u00fablico, a excepci\u00f3n de aquellos que cumplen funciones en el extranjero, podr\u00e1 recibir una remuneraci\u00f3n superior a la del presidente de la Rep\u00fablica (G. 37 millones), adem\u00e1s de establecer una serie de recortes a gastos considerados superfluos o innecesarios.<\/p>\n<p style=\"text-align: justify;\">Entre los cambios figura tambi\u00e9n la eliminaci\u00f3n de este topeo salarial para funcionarios de entidades binacionales, adem\u00e1s de la limitaci\u00f3n de viajes al extranjero, as\u00ed como la establecer topes para la contrataci\u00f3n de asesores, que podr\u00e1 ser hasta un m\u00e1ximo de tres, aclarando que deber\u00e1n dejar la funci\u00f3n p\u00fablica una vez que el funcionario que lo contrat\u00f3 deje el cargo, sin derecho a percibir ning\u00fan tipo de indemnizaci\u00f3n.<\/p>\n<p style=\"text-align: justify;\">El pleno del Senado deber\u00e1 pronunciarse adem\u00e1s sobre varios pedidos de informes, as\u00ed como el Proyecto de Ley \u201cQue incorpora medidas excepcionales en el \u00e1mbito de aplicaci\u00f3n de las medidas cautelares del sistema penal\u201d, presentado por Fernando Silva Facetti, Gilberto Apuril y Arnaldo Franco.<\/p>\n","protected":false},"excerpt":{"rendered":"<p>La c\u00e1mara de Senadores sesionar\u00e1 hoy desde las 9:00 horas, por primera vez bajo la presidencia de Oscar Salom\u00f3n, y tiene en agenda un total de 9 proyectos a ser&hellip; <\/p>\n","protected":false},"author":1,"featured_media":22440,"comment_status":"open","ping_status":"open","sticky":false,"template":"","format":"standard","meta":{"sfsi_plus_gutenberg_text_before_share":"","sfsi_plus_gutenberg_show_text_before_share":"","sfsi_plus_gutenberg_icon_type":"","sfsi_plus_gutenberg_icon_alignemt":"","sfsi_plus_gutenburg_max_per_row":"","footnotes":"","_jetpack_memberships_contains_paid_content":false,"jetpack_publicize_message":"","jetpack_publicize_feature_enabled":true,"jetpack_social_post_already_shared":false,"jetpack_social_options":{"image_generator_settings":{"template":"highway","enabled":false},"version":2}},"categories":[3],"tags":[],"jetpack_publicize_connections":[],"jetpack_sharing_enabled":true,"jetpack_featured_media_url":"https:\/\/agendaparaguay.com\/v2\/wp-content\/uploads\/2020\/07\/cachito_salomon.jpeg","_links":{"self":[{"href":"https:\/\/agendaparaguay.com\/v2\/wp-json\/wp\/v2\/posts\/22470"}],"collection":[{"href":"https:\/\/agendaparaguay.com\/v2\/wp-json\/wp\/v2\/posts"}],"about":[{"href":"https:\/\/agendaparaguay.com\/v2\/wp-json\/wp\/v2\/types\/post"}],"author":[{"embeddable":true,"href":"https:\/\/agendaparaguay.com\/v2\/wp-json\/wp\/v2\/users\/1"}],"replies":[{"embeddable":true,"href":"https:\/\/agendaparaguay.com\/v2\/wp-json\/wp\/v2\/comments?post=22470"}],"version-history":[{"count":1,"href":"https:\/\/agendaparaguay.com\/v2\/wp-json\/wp\/v2\/posts\/22470\/revisions"}],"predecessor-version":[{"id":22471,"href":"https:\/\/agendaparaguay.com\/v2\/wp-json\/wp\/v2\/posts\/22470\/revisions\/22471"}],"wp:featuredmedia":[{"embeddable":true,"href":"https:\/\/agendaparaguay.com\/v2\/wp-json\/wp\/v2\/media\/22440"}],"wp:attachment":[{"href":"https:\/\/agendaparaguay.com\/v2\/wp-json\/wp\/v2\/media?parent=22470"}],"wp:term":[{"taxonomy":"category","embeddable":true,"href":"https:\/\/agendaparaguay.com\/v2\/wp-json\/wp\/v2\/categories?post=22470"},{"taxonomy":"post_tag","embeddable":true,"href":"https:\/\/agendaparaguay.com\/v2\/wp-json\/wp\/v2\/tags?post=22470"}],"curies":[{"name":"wp","href":"https:\/\/api.w.org\/{rel}","templated":true}]}}