{"id":22482,"date":"2020-07-02T11:20:35","date_gmt":"2020-07-02T15:20:35","guid":{"rendered":"http:\/\/agendaparaguay.com\/v2\/?p=22482"},"modified":"2020-07-02T10:15:02","modified_gmt":"2020-07-02T14:15:02","slug":"covid19-ninos-mujeres-y-enfermos-son-prioridad-para-repatriados","status":"publish","type":"post","link":"https:\/\/agendaparaguay.com\/v2\/2020\/07\/02\/covid19-ninos-mujeres-y-enfermos-son-prioridad-para-repatriados\/","title":{"rendered":"COVID19: Ni\u00f1os, mujeres y enfermos son prioridad para repatriados"},"content":{"rendered":"<p style=\"text-align: justify;\">Seg\u00fan confirm\u00f3 el ministro Federico Gonz\u00e1lez, asesor de Asuntos Internacionales a la 780 am, pese a la intenci\u00f3n de responder a todos los que piden al gobierno el apoyo para volver a nuestro pa\u00eds, la prioridad para la Direcci\u00f3n de Repatriados en este momento son los ni\u00f1os, las mujeres y personas enfermas.<!--more--><\/p>\n<p style=\"text-align: justify;\">Lament\u00f3 la protesta llevada a cabo por los connacionales en la Argentina, y dijo que es natural que exijan ayuda al gobierno.<\/p>\n<p style=\"text-align: justify;\">Confirm\u00f3 que hasta la fecha 1500 compatriotas ya fueron tra\u00eddos al pa\u00eds, pero aclar\u00f3 que hay unos 2800 m\u00e1s en la lista de espera.<\/p>\n<p style=\"text-align: justify;\">Dijo que se est\u00e1 trabajando en la apertura de m\u00e1s albergues, ya que una vez que son tra\u00eddos al pa\u00eds deben ser llevados a los albergues y asistidos alimentariamente hasta cumplir con la cuarentena obligatoria.<\/p>\n","protected":false},"excerpt":{"rendered":"<p>Seg\u00fan confirm\u00f3 el ministro Federico Gonz\u00e1lez, asesor de Asuntos Internacionales a la 780 am, pese a la intenci\u00f3n de responder a todos los que piden al gobierno el apoyo para&hellip; <\/p>\n","protected":false},"author":1,"featured_media":22055,"comment_status":"open","ping_status":"open","sticky":false,"template":"","format":"standard","meta":{"sfsi_plus_gutenberg_text_before_share":"","sfsi_plus_gutenberg_show_text_before_share":"","sfsi_plus_gutenberg_icon_type":"","sfsi_plus_gutenberg_icon_alignemt":"","sfsi_plus_gutenburg_max_per_row":"","footnotes":"","_jetpack_memberships_contains_paid_content":false,"jetpack_publicize_message":"","jetpack_publicize_feature_enabled":true,"jetpack_social_post_already_shared":false,"jetpack_social_options":{"image_generator_settings":{"template":"highway","enabled":false},"version":2}},"categories":[5],"tags":[],"jetpack_publicize_connections":[],"jetpack_sharing_enabled":true,"jetpack_featured_media_url":"https:\/\/agendaparaguay.com\/v2\/wp-content\/uploads\/2020\/06\/connacionales_argentina_coronavirus.jpeg","_links":{"self":[{"href":"https:\/\/agendaparaguay.com\/v2\/wp-json\/wp\/v2\/posts\/22482"}],"collection":[{"href":"https:\/\/agendaparaguay.com\/v2\/wp-json\/wp\/v2\/posts"}],"about":[{"href":"https:\/\/agendaparaguay.com\/v2\/wp-json\/wp\/v2\/types\/post"}],"author":[{"embeddable":true,"href":"https:\/\/agendaparaguay.com\/v2\/wp-json\/wp\/v2\/users\/1"}],"replies":[{"embeddable":true,"href":"https:\/\/agendaparaguay.com\/v2\/wp-json\/wp\/v2\/comments?post=22482"}],"version-history":[{"count":1,"href":"https:\/\/agendaparaguay.com\/v2\/wp-json\/wp\/v2\/posts\/22482\/revisions"}],"predecessor-version":[{"id":22483,"href":"https:\/\/agendaparaguay.com\/v2\/wp-json\/wp\/v2\/posts\/22482\/revisions\/22483"}],"wp:featuredmedia":[{"embeddable":true,"href":"https:\/\/agendaparaguay.com\/v2\/wp-json\/wp\/v2\/media\/22055"}],"wp:attachment":[{"href":"https:\/\/agendaparaguay.com\/v2\/wp-json\/wp\/v2\/media?parent=22482"}],"wp:term":[{"taxonomy":"category","embeddable":true,"href":"https:\/\/agendaparaguay.com\/v2\/wp-json\/wp\/v2\/categories?post=22482"},{"taxonomy":"post_tag","embeddable":true,"href":"https:\/\/agendaparaguay.com\/v2\/wp-json\/wp\/v2\/tags?post=22482"}],"curies":[{"name":"wp","href":"https:\/\/api.w.org\/{rel}","templated":true}]}}